{"id":134064,"date":"2025-01-07T21:33:15","date_gmt":"2025-01-08T00:33:15","guid":{"rendered":"https:\/\/cdnoticias.com\/?p=134064"},"modified":"2025-01-08T10:04:30","modified_gmt":"2025-01-08T13:04:30","slug":"murio-el-hombre-que-protagonizo-un-violento-siniestro-vial-en-velez-sarsfield-y-munoz","status":"publish","type":"post","link":"https:\/\/cdnoticias.com\/index.php\/2025\/01\/07\/murio-el-hombre-que-protagonizo-un-violento-siniestro-vial-en-velez-sarsfield-y-munoz\/","title":{"rendered":"Muri\u00f3 el hombre que protagoniz\u00f3 un violento siniestro vial en Velez Sarsfield y Mu\u00f1oz"},"content":{"rendered":"\n<p>Ten\u00eda 58 a\u00f1os y hab\u00eda resultado gravemente herido tras impactar contra una camioneta mientras circulaba con su moto.<\/p>\n\n\n\n<hr class=\"wp-block-separator aligncenter has-alpha-channel-opacity\"\/>\n\n\n\n<p>En la noche de este martes, <strong>fuentes oficiales informaron el fallecimiento de un hombre de 58 a\u00f1os que hab\u00eda resultado gravemente herido de <a href=\"https:\/\/cdnoticias.com\/index.php\/2025\/01\/07\/un-motociclista-resulto-gravemente-herido-en-un-accidente-2\/\" target=\"_blank\" rel=\"noreferrer noopener\">un siniestro vial en V\u00e9lez Sarsfield y Celestino Mu\u00f1oz<\/a>.<\/strong><\/p>\n\n\n\n<blockquote class=\"wp-block-quote is-layout-flow wp-block-quote-is-layout-flow\">\n<p>Cabe mencionar que el hombre, identificado como Mario Antonio Gosio, circulaba en una moto Gilera cuando choc\u00f3 de forma violenta contra un veh\u00edculo tipo furg\u00f3n Fiat Fiorino.<\/p>\n<\/blockquote>\n\n\n\n<p>Por la gravedad de las heridas fue trasladado de urgencia al Hospital Municipal, <strong>tras estar varias horas internado y pese a los esfuerzos m\u00e9dicos lamentablemente falleci\u00f3.<\/strong><\/p>\n\n\n\n<p>Se indic\u00f3 que <strong>en las pr\u00f3ximas horas se realizar\u00e1 la autopsia <\/strong>para determinar las causas de su fallecimiento.<\/p>\n\n\n\n<p>El conductor de la Fiorino ahora enfrenta cargos por <strong><em>\u201cHomicidio culposo\u201d<\/em><\/strong> en una causa que instruye la UFI N\u00b010 de Olavarr\u00eda.<\/p>\n","protected":false},"excerpt":{"rendered":"<p>Ten\u00eda 58 a\u00f1os y hab\u00eda resultado gravemente herido tras impactar contra una camioneta mientras circulaba con su moto. En la<\/p>\n","protected":false},"author":2,"featured_media":134036,"comment_status":"closed","ping_status":"closed","sticky":false,"template":"","format":"standard","meta":{"_jetpack_memberships_contains_paid_content":false,"footnotes":""},"categories":[14,1],"tags":[],"class_list":["post-134064","post","type-post","status-publish","format-standard","has-post-thumbnail","hentry","category-policiales","category-portada"],"jetpack_featured_media_url":"https:\/\/i0.wp.com\/cdnoticias.com\/wp-content\/uploads\/2025\/01\/accidente-moto-camioneta-munoz-sarsfield-02.jpg?fit=800%2C445&ssl=1","jetpack_sharing_enabled":true,"_links":{"self":[{"href":"https:\/\/cdnoticias.com\/index.php\/wp-json\/wp\/v2\/posts\/134064","targetHints":{"allow":["GET"]}}],"collection":[{"href":"https:\/\/cdnoticias.com\/index.php\/wp-json\/wp\/v2\/posts"}],"about":[{"href":"https:\/\/cdnoticias.com\/index.php\/wp-json\/wp\/v2\/types\/post"}],"author":[{"embeddable":true,"href":"https:\/\/cdnoticias.com\/index.php\/wp-json\/wp\/v2\/users\/2"}],"replies":[{"embeddable":true,"href":"https:\/\/cdnoticias.com\/index.php\/wp-json\/wp\/v2\/comments?post=134064"}],"version-history":[{"count":0,"href":"https:\/\/cdnoticias.com\/index.php\/wp-json\/wp\/v2\/posts\/134064\/revisions"}],"wp:featuredmedia":[{"embeddable":true,"href":"https:\/\/cdnoticias.com\/index.php\/wp-json\/wp\/v2\/media\/134036"}],"wp:attachment":[{"href":"https:\/\/cdnoticias.com\/index.php\/wp-json\/wp\/v2\/media?parent=134064"}],"wp:term":[{"taxonomy":"category","embeddable":true,"href":"https:\/\/cdnoticias.com\/index.php\/wp-json\/wp\/v2\/categories?post=134064"},{"taxonomy":"post_tag","embeddable":true,"href":"https:\/\/cdnoticias.com\/index.php\/wp-json\/wp\/v2\/tags?post=134064"}],"curies":[{"name":"wp","href":"https:\/\/api.w.org\/{rel}","templated":true}]}}