{"id":134056,"date":"2025-01-07T18:26:05","date_gmt":"2025-01-07T21:26:05","guid":{"rendered":"https:\/\/cdnoticias.com\/?p=134056"},"modified":"2025-01-07T21:35:13","modified_gmt":"2025-01-08T00:35:13","slug":"auditoria-subrayan-que-la-subsecretaria-de-seguridad-dependia-directo-al-intendente","status":"publish","type":"post","link":"https:\/\/cdnoticias.com\/index.php\/2025\/01\/07\/auditoria-subrayan-que-la-subsecretaria-de-seguridad-dependia-directo-al-intendente\/","title":{"rendered":"Auditor\u00eda: subrayan que la subsecretar\u00eda de Seguridad depend\u00eda directo al Intendente"},"content":{"rendered":"\n<p>Tras los dichos de Hilario Galli que la falta de funcionamiento de las c\u00e1maras era responsabilidad de la Subsecretar\u00eda de Seguridad, se record\u00f3 que en el organigrama anterior depend\u00eda de Ezequiel Galli. Enojos por \u201cdesligarse\u201d de responsabilidades.<\/p>\n\n\n\n<hr class=\"wp-block-separator aligncenter has-alpha-channel-opacity\"\/>\n\n\n\n<p>Luego de conocerse la situaci\u00f3n con las c\u00e1maras de seguridad que \u201chered\u00f3\u201d la gesti\u00f3n Wesner de la gesti\u00f3n Galli y los dichos del concejal y ex funcionario Hilario Galli sobre las responsabilidades de esa situaci\u00f3n, <strong>se conoci\u00f3 que la Subsecretar\u00eda de Seguridad depend\u00eda<\/strong> directamente al Intendente.<\/p>\n\n\n\n<figure class=\"wp-block-embed is-type-wp-embed is-provider-central-de-noticias-olavarr-a wp-block-embed-central-de-noticias-olavarr-a\"><div class=\"wp-block-embed__wrapper\">\n<blockquote class=\"wp-embedded-content\" data-secret=\"QG3Pn9CrB3\"><a href=\"https:\/\/cdnoticias.com\/index.php\/2025\/01\/06\/hilario-galli-en-nuestra-gestion-ha-habido-errores-no-esos-solamente-de-la-auditoria\/\">Hilario Galli: \u201cen nuestra gesti\u00f3n ha habido errores, no esos solamente de la auditor\u00eda\u201d<\/a><\/blockquote><iframe loading=\"lazy\" class=\"wp-embedded-content\" sandbox=\"allow-scripts\" security=\"restricted\" style=\"position: absolute; visibility: hidden;\" title=\"&#8220;Hilario Galli: \u201cen nuestra gesti\u00f3n ha habido errores, no esos solamente de la auditor\u00eda\u201d&#8221; &#8212; Central de Noticias | Olavarr\u00eda\" src=\"https:\/\/cdnoticias.com\/index.php\/2025\/01\/06\/hilario-galli-en-nuestra-gestion-ha-habido-errores-no-esos-solamente-de-la-auditoria\/embed\/#?secret=rsQdoBCTmg#?secret=QG3Pn9CrB3\" data-secret=\"QG3Pn9CrB3\" width=\"600\" height=\"338\" frameborder=\"0\" marginwidth=\"0\" marginheight=\"0\" scrolling=\"no\"><\/iframe>\n<\/div><\/figure>\n\n\n\n<p>Esto se dio luego<strong> de que el ex funcionario y actual legislador indique que la responsabilidad de todos estos movimientos era del funcionario a cargo, en ese momento el subsecretario de Seguridad municipal.<\/strong><\/p>\n\n\n\n<p>Con variado enojo,<strong> varios ex integrantes del gabinete de Ezequiel Galli plantearon que \u201chubo responsabilidades pol\u00edticas\u201d y que se intent\u00f3 desligar de los hechos revelados por la auditor\u00eda presentada el 31 de diciembre pasado.<\/strong><\/p>\n\n\n\n<p>En el apartado de \u201cCentro de Monitoreo\u201d dicha auditor\u00eda expresa que Olavarr\u00eda cuenta con 346 c\u00e1maras, y que en la ciudad hay 290, de las cuales hay 217 activas. <em>\u201cEn la ciudad cabecera se ubican 290 y, de estas, hay 217 activas. Una investigaci\u00f3n interna que involucr\u00f3 el relevamiento de equipos inal\u00e1mbricos colocados en todo el Partido arroj\u00f3 como resultado un total de 80 c\u00e1maras inactivas al inicio de la gesti\u00f3n\u201d.<\/em><\/p>\n\n\n\n<p>Esto contrasta con los dichos del concejal que se\u00f1al\u00f3 que estos se\u00f1alamientos<em> \u201ccorresponden al a\u00f1o 2024: est\u00e1 bueno hacerla todos los a\u00f1os, porque esto va a seguir pasando porque como todos saben, todos los componentes electr\u00f3nicos no son eternos. Se desgastan, se rompen, se arreglan, en determinados periodos hay que cambiarlo por unos nuevos\u201d.<\/em><\/p>\n\n\n\n<p>La auditor\u00eda, de todas maneras, <strong>explicit\u00f3 que hab\u00eda al menos 33 c\u00e1maras de seguridad en diferentes puntos del casco urbano de Olavarr\u00eda que estaban fuera de funcionamiento y en algunos casos ni siquiera fueron energizadas. En 2024 se recuperaron 7 c\u00e1maras inactivas.<\/strong><\/p>\n\n\n\n<p>Otro punto es que, en las localidades, <strong>de 56 funcionaban 17 y en la mayor\u00eda de las que no funcionaban, faltaba infraestructura b\u00e1sica para que eso suceda: falta de tendido el\u00e9ctrico; falta de antenas o de se\u00f1al.<\/strong><\/p>\n\n\n\n<p>El propio<strong> Hilario Galli hab\u00eda indicado que por el cambio de organigrama \u00e9l pod\u00eda responder no como Jefe de Gabinete sino como Secretario de Gobierno, y que pod\u00eda responder solo<\/strong><em><strong> \u201ca mis competencias que eran limitadas a mis subsecretar\u00edas\u201d<\/strong>.<\/em> De todas maneras, <em>\u201cpor una cuesti\u00f3n pol\u00edtica de diferencias me terminaba metiendo en cuestiones que no me correspond\u00edan como ya se ha sabido, hasta termin\u00e9 poniendo mi oficina en el Hospital Municipal. Pero simplemente de manera de soporte y ayuda al resto de los secretarios, no con la figura de Jefe de Gabinete\u201d.<\/em><\/p>\n\n\n\n<p>De hecho, se\u00f1al\u00f3 que<em><strong> \u201ctodo sal\u00eda de Seguridad\u201d<\/strong><\/em> en torno a las c\u00e1maras: <em>\u201chay muchas que van dejando de funcionar por diversas cuestiones. Como la que pas\u00f3 en el barrio Matadero. Despu\u00e9s hay otras que tienen que ver con cuestiones clim\u00e1ticas: todo eso sal\u00eda de Seguridad. Entiendo que hab\u00eda un contrato de mantenimiento de las c\u00e1maras. Cu\u00e1les han sido las c\u00e1maras, no s\u00e9\u201d.<\/em><\/p>\n\n\n\n<p>Galli insisti\u00f3 en que muchas de las cuestiones sucedieron en 2024: <em>\u201cse han mezclado mucho de los temas, se nos han querido machacar errores de nuestra gesti\u00f3n y fueron cuestiones que pasaron el a\u00f1o pasado\u201d.<\/em><\/p>\n\n\n\n<p><em>\u201cNo es por deslindarse. Todas las gestiones van teniendo errores y deficiencias y uno va identific\u00e1ndolas y corrigi\u00e9ndolas. En nuestra gesti\u00f3n ha habido errores, no esas solamente de la auditor\u00eda, pero al no haber sido en medio de una transici\u00f3n no se dieron a conocer sino que fueron procesos internos. Se han omitido procesos involuntariamente en el af\u00e1n de hacer, se ha podido corregir, seguir y as\u00ed son las Municipalidades\u201d<\/em> cerr\u00f3 el tema.<\/p>\n","protected":false},"excerpt":{"rendered":"<p>Tras los dichos de Hilario Galli que la falta de funcionamiento de las c\u00e1maras era responsabilidad de la Subsecretar\u00eda de<\/p>\n","protected":false},"author":2,"featured_media":61824,"comment_status":"closed","ping_status":"closed","sticky":false,"template":"","format":"standard","meta":{"_jetpack_memberships_contains_paid_content":false,"footnotes":""},"categories":[4,1],"tags":[],"class_list":["post-134056","post","type-post","status-publish","format-standard","has-post-thumbnail","hentry","category-politica","category-portada"],"jetpack_featured_media_url":"https:\/\/i0.wp.com\/cdnoticias.com\/wp-content\/uploads\/2022\/08\/Camaras-seguridad-lectora-de-patentes.jpg?fit=750%2C488&ssl=1","jetpack_sharing_enabled":true,"_links":{"self":[{"href":"https:\/\/cdnoticias.com\/index.php\/wp-json\/wp\/v2\/posts\/134056","targetHints":{"allow":["GET"]}}],"collection":[{"href":"https:\/\/cdnoticias.com\/index.php\/wp-json\/wp\/v2\/posts"}],"about":[{"href":"https:\/\/cdnoticias.com\/index.php\/wp-json\/wp\/v2\/types\/post"}],"author":[{"embeddable":true,"href":"https:\/\/cdnoticias.com\/index.php\/wp-json\/wp\/v2\/users\/2"}],"replies":[{"embeddable":true,"href":"https:\/\/cdnoticias.com\/index.php\/wp-json\/wp\/v2\/comments?post=134056"}],"version-history":[{"count":0,"href":"https:\/\/cdnoticias.com\/index.php\/wp-json\/wp\/v2\/posts\/134056\/revisions"}],"wp:featuredmedia":[{"embeddable":true,"href":"https:\/\/cdnoticias.com\/index.php\/wp-json\/wp\/v2\/media\/61824"}],"wp:attachment":[{"href":"https:\/\/cdnoticias.com\/index.php\/wp-json\/wp\/v2\/media?parent=134056"}],"wp:term":[{"taxonomy":"category","embeddable":true,"href":"https:\/\/cdnoticias.com\/index.php\/wp-json\/wp\/v2\/categories?post=134056"},{"taxonomy":"post_tag","embeddable":true,"href":"https:\/\/cdnoticias.com\/index.php\/wp-json\/wp\/v2\/tags?post=134056"}],"curies":[{"name":"wp","href":"https:\/\/api.w.org\/{rel}","templated":true}]}}