{"id":134042,"date":"2025-01-07T17:01:37","date_gmt":"2025-01-07T20:01:37","guid":{"rendered":"https:\/\/cdnoticias.com\/?p=134042"},"modified":"2025-01-07T20:26:43","modified_gmt":"2025-01-07T23:26:43","slug":"fiesta-de-reyes-el-proceso-de-normalizacion-de-la-personeria-juridica-llego-a-su-fin","status":"publish","type":"post","link":"https:\/\/cdnoticias.com\/index.php\/2025\/01\/07\/fiesta-de-reyes-el-proceso-de-normalizacion-de-la-personeria-juridica-llego-a-su-fin\/","title":{"rendered":"Fiesta de Reyes: \u201cEl proceso de normalizaci\u00f3n de la personer\u00eda jur\u00eddica lleg\u00f3 a su fin\u201d"},"content":{"rendered":"\n<p>As\u00ed lo comunic\u00f3 a Central de Noticias la vicepresidenta de la actual comisi\u00f3n, Ana Mar\u00eda Cardoso de Cangram. Entre l\u00e1grimas respondi\u00f3 a las cr\u00edticas recibidas por el evento y explic\u00f3 los pasos a seguir dentro de la organizaci\u00f3n. \u201cNo entiendo por qu\u00e9 tanto odio\u201d, indic\u00f3.<\/p>\n\n\n\n<hr class=\"wp-block-separator has-alpha-channel-opacity\"\/>\n\n\n\n<p><strong>Ana Mar\u00eda Cardoso de Cangram es la vicepresidenta de la actual comisi\u00f3n de Reyes.<\/strong> En di\u00e1logo con <em>Central de Noticias<\/em> se refiri\u00f3 a las cr\u00edticas recibidas tras la realizaci\u00f3n de una nueva edici\u00f3n de la fiesta que se desarrolla en Sierras Bayas.<\/p>\n\n\n\n<figure class=\"wp-block-embed is-type-wp-embed is-provider-central-de-noticias-olavarr-a wp-block-embed-central-de-noticias-olavarr-a\"><div class=\"wp-block-embed__wrapper\">\n<blockquote class=\"wp-embedded-content\" data-secret=\"sPBBEY58hU\"><a href=\"https:\/\/cdnoticias.com\/index.php\/2025\/01\/07\/fiesta-de-reyes-en-sierras-bayas-criticas-a-la-comision-y-quejas-por-la-actuacion-de-los-charros\/\">Fiesta de Reyes en Sierras Bayas: cr\u00edticas a la comisi\u00f3n y quejas por la actuaci\u00f3n de Los Charros<\/a><\/blockquote><iframe loading=\"lazy\" class=\"wp-embedded-content\" sandbox=\"allow-scripts\" security=\"restricted\" style=\"position: absolute; visibility: hidden;\" title=\"&#8220;Fiesta de Reyes en Sierras Bayas: cr\u00edticas a la comisi\u00f3n y quejas por la actuaci\u00f3n de Los Charros&#8221; &#8212; Central de Noticias | Olavarr\u00eda\" src=\"https:\/\/cdnoticias.com\/index.php\/2025\/01\/07\/fiesta-de-reyes-en-sierras-bayas-criticas-a-la-comision-y-quejas-por-la-actuacion-de-los-charros\/embed\/#?secret=CIdSKEfIRF#?secret=sPBBEY58hU\" data-secret=\"sPBBEY58hU\" width=\"600\" height=\"338\" frameborder=\"0\" marginwidth=\"0\" marginheight=\"0\" scrolling=\"no\"><\/iframe>\n<\/div><\/figure>\n\n\n\n<p>En primer lugar, aclar\u00f3 que \u201c<strong>la comisi\u00f3n se encontraba en proceso de normalizaci\u00f3n de la personer\u00eda jur\u00eddica,<\/strong> se atras\u00f3 un poquito m\u00e1s porque dentro de los miembros que hab\u00edan pedido la normalizaci\u00f3n falleci\u00f3 uno. Hubo que volver a autorizar a otra persona, llamar a los miembros, hacer una reuni\u00f3n\u201d.<\/p>\n\n\n\n<p><\/p>\n\n\n\n<blockquote class=\"wp-block-quote is-layout-flow wp-block-quote-is-layout-flow\">\n<p>\u201c<strong>Ahora ese proceso de normalizaci\u00f3n de la personer\u00eda jur\u00eddica lleg\u00f3 a su fin.<\/strong> En estos d\u00edas se va a llamar a asamblea con los socios reempadronados y despu\u00e9s se elige la nueva comisi\u00f3n entre los socios reempadronados. Se va a hacer la campa\u00f1a de socios y el socio como lo dicta el estatuto tiene que tener dos a\u00f1os de antig\u00fcedad, con cuota al d\u00eda para presentar una lista\u201d, asegur\u00f3 Ana Cardoso.<\/p>\n<\/blockquote>\n\n\n\n<p><\/p>\n\n\n\n<p>Y ampli\u00f3: \u201chab\u00edamos querido largar la campa\u00f1a de socios, pero al no tener el proceso de normalizaci\u00f3n completado no se pod\u00eda. <strong>Creo que a veces se habla del desconocimiento<\/strong> y bueno, creo que David (Priola) pone este petitorio y la gente se suma a comentarios y cosas que desconoce\u201d.<\/p>\n\n\n\n<p><\/p>\n\n\n\n<p>Respecto al petitorio impulsado por el empresario David Priola indic\u00f3 que \u201c<strong>el a\u00f1o pasado ya hab\u00edan mandado uno<\/strong> porque suspendimos la fiesta, a nosotros los que no nos permit\u00edan reprogramar la fiesta era Bomberos de Azul por cuestiones de seguridad, entonces ellos presentaron un petitorio pidi\u00e9ndole a la comisi\u00f3n que le dejara hacer la fiesta. Nosotros est\u00e1bamos resolviendo todo ese tema y no se hizo mucho caso porque implica un mont\u00f3n de tr\u00e1mites\u201d.<\/p>\n\n\n\n<p><\/p>\n\n\n\n<figure class=\"wp-block-image size-full\"><img data-recalc-dims=\"1\" loading=\"lazy\" decoding=\"async\" width=\"800\" height=\"445\" src=\"https:\/\/i0.wp.com\/cdnoticias.com\/wp-content\/uploads\/2025\/01\/Fiesta-de-Reyes-12.jpeg?resize=800%2C445&#038;ssl=1\" alt=\"\" class=\"wp-image-133970\" srcset=\"https:\/\/i0.wp.com\/cdnoticias.com\/wp-content\/uploads\/2025\/01\/Fiesta-de-Reyes-12.jpeg?w=800&amp;ssl=1 800w, https:\/\/i0.wp.com\/cdnoticias.com\/wp-content\/uploads\/2025\/01\/Fiesta-de-Reyes-12.jpeg?resize=300%2C167&amp;ssl=1 300w, https:\/\/i0.wp.com\/cdnoticias.com\/wp-content\/uploads\/2025\/01\/Fiesta-de-Reyes-12.jpeg?resize=768%2C427&amp;ssl=1 768w\" sizes=\"auto, (max-width: 800px) 100vw, 800px\" \/><\/figure>\n\n\n\n<p><\/p>\n\n\n\n<p><strong>El juguete perdido<\/strong><\/p>\n\n\n\n<p><\/p>\n\n\n\n<p>Ana Cardoso tambi\u00e9n hizo referencia a un hecho que sucedi\u00f3 durante la Fiesta de Reyes cuando <strong>una ni\u00f1a no recibi\u00f3 el juguete que le correspond\u00eda.<\/strong> \u201cSe perdi\u00f3 el juguete. No es algo habitual, en todos los a\u00f1os habr\u00e1 pasado una o dos veces\u201d se lament\u00f3 y adjudic\u00f3 todo lo que se desat\u00f3 despu\u00e9s a<strong> situaciones previas. <\/strong>\u201cCreo que <strong>son cuestiones personales, los padres se enojaron y hubo todo este problema. <\/strong>Yo me enter\u00e9 de todo al otro d\u00eda porque a m\u00ed me toca todo lo que es la recreaci\u00f3n del Pesebre y estoy con los chicos hasta \u00faltimo momento\u201d.<\/p>\n\n\n\n<p><\/p>\n\n\n\n<p>Consultada sobre las cr\u00edticas que se propagaron especialmente por redes sociales, Ana Cardoso se mostr\u00f3 muy afectada. \u201cLa gente se suma a comentarios y cosas que desconoce. Hace 19 a\u00f1os que armo el pesebre, y todos los a\u00f1os pasa lo mismo, siempre tenemos empa\u00f1ada la alegr\u00eda por alg\u00fan comentario. <strong>Le pongo una garra, no sab\u00e9s lo que esto duele, duele much\u00edsimo<\/strong>\u201d, coment\u00f3 con la voz quebrada.<\/p>\n\n\n\n<p><\/p>\n\n\n\n<blockquote class=\"wp-block-quote is-layout-flow wp-block-quote-is-layout-flow\">\n<p>\u201cQue digan que somos una lacra humana, vamos a desterrarlos, no entiendo por qu\u00e9 tanto odio cuando uno trabaja tanto por los chicos. No lo entiendo\u201d y asegur\u00f3 entre l\u00e1grimas: \u201cYo hago esto con tanto amor, le pongo tanta fuerza para que todos los chicos puedan vivir esa ilusi\u00f3n de esperar a los Reyes que no me gustar\u00eda irme con la cola entre las piernas, no quiero irme con la cabeza gacha\u201d. <\/p>\n<\/blockquote>\n\n\n\n<p><\/p>\n\n\n\n<p>\u201cHace much\u00edsimo da\u00f1o, lastima much\u00edsimo, hemos puesto todo nuestro tiempo, trabajo, dinero\u201d, agreg\u00f3 y aclar\u00f3 que <strong>\u201cla comisi\u00f3n funciona como una sociedad separada de la iglesia, si bien nosotros celebramos la epifan\u00eda, siempre est\u00e1 el sacerdote acompa\u00f1ando, al tener una personer\u00eda jur\u00eddica desliga a la iglesia\u201d.<\/strong><\/p>\n\n\n\n<p><\/p>\n\n\n\n<p>Por \u00faltimo, reiter\u00f3 que \u201ct<strong>rabajamos todo el a\u00f1o porque la fiesta<\/strong> depende de lo que hace la comisi\u00f3n m\u00e1s all\u00e1 que este a\u00f1o tuvimos una ayuda muy importante del Municipio, nosotros igual tenemos que trabajar much\u00edsimo\u201d.<\/p>\n\n\n\n<p><\/p>\n\n\n\n<p>\u201cPara nosotros hab\u00eda sido un fiest\u00f3n. Tuvimos el bache de Los Charros que no llegaban, que tuvieron problemas para llegar y despu\u00e9s el comentario de uno de los m\u00fasicos que no agrad\u00f3 y eso tambi\u00e9n se puso en las redes.<strong> Eso escapa a nosotros, son cosas que dicen ellos y nosotros no podemos controlar<\/strong>\u201d.<\/p>\n\n\n\n<p><\/p>\n","protected":false},"excerpt":{"rendered":"<p>As\u00ed lo comunic\u00f3 a Central de Noticias la vicepresidenta de la actual comisi\u00f3n, Ana Mar\u00eda Cardoso de Cangram. Entre l\u00e1grimas<\/p>\n","protected":false},"author":5,"featured_media":133971,"comment_status":"closed","ping_status":"closed","sticky":false,"template":"","format":"standard","meta":{"_jetpack_memberships_contains_paid_content":false,"footnotes":""},"categories":[5,1],"tags":[],"class_list":["post-134042","post","type-post","status-publish","format-standard","has-post-thumbnail","hentry","category-informacion-general","category-portada"],"jetpack_featured_media_url":"https:\/\/i0.wp.com\/cdnoticias.com\/wp-content\/uploads\/2025\/01\/Fiesta-de-Reyes-13.jpeg?fit=800%2C445&ssl=1","jetpack_sharing_enabled":true,"_links":{"self":[{"href":"https:\/\/cdnoticias.com\/index.php\/wp-json\/wp\/v2\/posts\/134042","targetHints":{"allow":["GET"]}}],"collection":[{"href":"https:\/\/cdnoticias.com\/index.php\/wp-json\/wp\/v2\/posts"}],"about":[{"href":"https:\/\/cdnoticias.com\/index.php\/wp-json\/wp\/v2\/types\/post"}],"author":[{"embeddable":true,"href":"https:\/\/cdnoticias.com\/index.php\/wp-json\/wp\/v2\/users\/5"}],"replies":[{"embeddable":true,"href":"https:\/\/cdnoticias.com\/index.php\/wp-json\/wp\/v2\/comments?post=134042"}],"version-history":[{"count":0,"href":"https:\/\/cdnoticias.com\/index.php\/wp-json\/wp\/v2\/posts\/134042\/revisions"}],"wp:featuredmedia":[{"embeddable":true,"href":"https:\/\/cdnoticias.com\/index.php\/wp-json\/wp\/v2\/media\/133971"}],"wp:attachment":[{"href":"https:\/\/cdnoticias.com\/index.php\/wp-json\/wp\/v2\/media?parent=134042"}],"wp:term":[{"taxonomy":"category","embeddable":true,"href":"https:\/\/cdnoticias.com\/index.php\/wp-json\/wp\/v2\/categories?post=134042"},{"taxonomy":"post_tag","embeddable":true,"href":"https:\/\/cdnoticias.com\/index.php\/wp-json\/wp\/v2\/tags?post=134042"}],"curies":[{"name":"wp","href":"https:\/\/api.w.org\/{rel}","templated":true}]}}