{"id":134039,"date":"2025-01-07T13:27:36","date_gmt":"2025-01-07T16:27:36","guid":{"rendered":"https:\/\/cdnoticias.com\/?p=134039"},"modified":"2025-01-07T17:01:56","modified_gmt":"2025-01-07T20:01:56","slug":"la-provincia-habilito-un-aumento-de-la-luz-en-torno-al-5","status":"publish","type":"post","link":"https:\/\/cdnoticias.com\/index.php\/2025\/01\/07\/la-provincia-habilito-un-aumento-de-la-luz-en-torno-al-5\/","title":{"rendered":"La Provincia habilit\u00f3 un aumento de la luz en torno al 5%"},"content":{"rendered":"<p>Se aprobaron los nuevos valores del servicio el\u00e9ctrico presentado por las empresas distribuidoras. La medida alcanza a las cooperativas.<!--more--><\/p>\n<hr \/>\n<p>Mientras sigue adelante <a href=\"https:\/\/cdnoticias.com\/index.php\/2024\/10\/29\/electricidad-la-provincia-revisa-tarifas-y-lanza-un-plan-ante-cortes-de-verano\/\" target=\"_blank\" rel=\"noopener\">proceso de Revisi\u00f3n Tarifaria Integral (RTI)<\/a> para el servicio de distribuci\u00f3n de luz que inici\u00f3 el Gobierno bonaerense, s<strong>e aprob\u00f3 un incremento promedio del 5% que impactar\u00e1 en las boletas del servicio energ\u00e9tico provincial<\/strong>, aunque esto var\u00eda de acuerdo a los consumos y categor\u00edas.<\/p>\n<p>La decisi\u00f3n qued\u00f3 oficializada en la <strong>Resoluci\u00f3n 4 del Ministerio de Infraestructura y Servicios P\u00fablicos<\/strong> publicada este martes en el Bolet\u00edn Oficial. Ah\u00ed se explica que <strong>los nuevos valores corresponden a las subas de los precios de la energ\u00eda y potencia mayorista y transporte <a href=\"https:\/\/cdnoticias.com\/index.php\/2024\/11\/30\/el-gobierno-confirmo-que-en-diciembre-aumentaran-la-luz-el-gas-y-la-nafta\/\" target=\"_blank\" rel=\"noopener\">aprobados por Naci\u00f3n<\/a><\/strong> para el per\u00edodo comprendido entre el 1\u00ba de noviembre de 2024 y el 30 de abril de 2025.<\/p>\n<p>Tambi\u00e9n, seg\u00fan averigu\u00f3 agencia DIB, tiene que ver con la <strong>actualizaci\u00f3n del gravamen destinado al Fondo Nacional de Energ\u00eda El\u00e9ctrica (FNEE)<\/strong> conforme con lo dispuesto en la resoluci\u00f3n nacional de octubre del a\u00f1o pasado y un <strong>ajuste transitorio del valor agregado de distribuci\u00f3n (VAD)<\/strong>.<\/p>\n<blockquote><p>El ajuste llegar\u00e1 a EDEA, EDEN y EDES, lo que impactar\u00e1 en las cooperativas el\u00e9ctricas del interior bonaerense. En algunos casos, la suba de los cargos fijos llega al 5%.<\/p><\/blockquote>\n<p><strong>La <a href=\"https:\/\/cdnoticias.com\/index.php\/2024\/10\/29\/autorizan-un-aumento-de-la-luz-en-la-provincia-de-buenos-aires\/\" target=\"_blank\" rel=\"noopener\">\u00faltima actualizaci\u00f3n<\/a> provincial hab\u00eda sido a principios de noviembre<\/strong>, cuando el costo del servicio hab\u00eda aumentado en torno al 8%.<\/p>\n<p>Fuente: <em>Agencia DIB<\/em><\/p>\n","protected":false},"excerpt":{"rendered":"<p>Se aprobaron los nuevos valores del servicio el\u00e9ctrico presentado por las empresas distribuidoras. La medida alcanza a las cooperativas.<\/p>\n","protected":false},"author":4,"featured_media":134040,"comment_status":"closed","ping_status":"closed","sticky":false,"template":"","format":"standard","meta":{"_jetpack_memberships_contains_paid_content":false,"footnotes":""},"categories":[6,1],"tags":[],"class_list":["post-134039","post","type-post","status-publish","format-standard","has-post-thumbnail","hentry","category-nacionales","category-portada"],"jetpack_featured_media_url":"https:\/\/i0.wp.com\/cdnoticias.com\/wp-content\/uploads\/2025\/01\/DIB-luz-focos-electricidad.jpg?fit=630%2C420&ssl=1","jetpack_sharing_enabled":true,"_links":{"self":[{"href":"https:\/\/cdnoticias.com\/index.php\/wp-json\/wp\/v2\/posts\/134039","targetHints":{"allow":["GET"]}}],"collection":[{"href":"https:\/\/cdnoticias.com\/index.php\/wp-json\/wp\/v2\/posts"}],"about":[{"href":"https:\/\/cdnoticias.com\/index.php\/wp-json\/wp\/v2\/types\/post"}],"author":[{"embeddable":true,"href":"https:\/\/cdnoticias.com\/index.php\/wp-json\/wp\/v2\/users\/4"}],"replies":[{"embeddable":true,"href":"https:\/\/cdnoticias.com\/index.php\/wp-json\/wp\/v2\/comments?post=134039"}],"version-history":[{"count":0,"href":"https:\/\/cdnoticias.com\/index.php\/wp-json\/wp\/v2\/posts\/134039\/revisions"}],"wp:featuredmedia":[{"embeddable":true,"href":"https:\/\/cdnoticias.com\/index.php\/wp-json\/wp\/v2\/media\/134040"}],"wp:attachment":[{"href":"https:\/\/cdnoticias.com\/index.php\/wp-json\/wp\/v2\/media?parent=134039"}],"wp:term":[{"taxonomy":"category","embeddable":true,"href":"https:\/\/cdnoticias.com\/index.php\/wp-json\/wp\/v2\/categories?post=134039"},{"taxonomy":"post_tag","embeddable":true,"href":"https:\/\/cdnoticias.com\/index.php\/wp-json\/wp\/v2\/tags?post=134039"}],"curies":[{"name":"wp","href":"https:\/\/api.w.org\/{rel}","templated":true}]}}