{"id":134013,"date":"2025-01-07T09:24:48","date_gmt":"2025-01-07T12:24:48","guid":{"rendered":"https:\/\/cdnoticias.com\/?p=134013"},"modified":"2025-01-07T09:24:50","modified_gmt":"2025-01-07T12:24:50","slug":"detuvieron-a-una-pareja-que-llevaba-mas-de-8-kilos-de-cocaina-en-una-camioneta","status":"publish","type":"post","link":"https:\/\/cdnoticias.com\/index.php\/2025\/01\/07\/detuvieron-a-una-pareja-que-llevaba-mas-de-8-kilos-de-cocaina-en-una-camioneta\/","title":{"rendered":"Detuvieron a una pareja que llevaba m\u00e1s de 8 kilos de coca\u00edna en una camioneta"},"content":{"rendered":"\n<p>Se trata de un var\u00f3n y una mujer radicados en el conurbano bonaerense. Fueron detenidos en Las Flores. La causa se tramita desde la Justicia Federal con asiento en Azul.<\/p>\n\n\n\n<hr class=\"wp-block-separator has-alpha-channel-opacity\"\/>\n\n\n\n<p>De acuerdo con lo informado a EL TIEMPO, el var\u00f3n y la mujer hab\u00edan sido aprehendidos en jurisdicci\u00f3n del Partido de Las Flores este s\u00e1bado que pas\u00f3, cuando la camioneta en que se trasladaban por la Ruta 3 fue interceptada por personal policial y <strong>al ser requisada los agentes hallaron e incautaron ocho panes de coca\u00edna que, en total, pesaron m\u00e1s de ocho kilos.<\/strong><\/p>\n\n\n\n<p><\/p>\n\n\n\n<p>A trav\u00e9s de un <strong>sumario penal que qued\u00f3 radicado en el Juzgado Federal 1 con asiento en Azul<\/strong> que est\u00e1 a cargo del magistrado Gabriel Di Giulio, el var\u00f3n y la mujer figuran acusados de &#8220;tr\u00e1fico de estupefacientes en la modalidad tenencia ileg\u00edtima con fines de comercializaci\u00f3n y transporte&#8221;.<\/p>\n\n\n\n<p><\/p>\n\n\n\n<p>Los investigados <strong>fueron indagados el pasado s\u00e1bado <\/strong>en horas del mediod\u00eda, audiencias donde estuvieron asistidos por el defensor Oficial Patricio Varela, seg\u00fan lo revelado a EL TIEMPO por voceros allegados a la tramitaci\u00f3n de la causa.<\/p>\n\n\n\n<p><\/p>\n\n\n\n<p>Posteriormente, <strong>el juez Federal Di Giulio<\/strong> <strong>convirti\u00f3 en detenciones a las aprehensiones del var\u00f3n y de la mujer. <\/strong>Y dispuso tambi\u00e9n que, en car\u00e1cter de tales, respectivamente fueran trasladados a la DUOF de la Polic\u00eda Federal con sede en Azul y a la Subcomisar\u00eda, perteneciente a la Polic\u00eda bonaerense, que est\u00e1 en Chillar.<\/p>\n\n\n\n<p><\/p>\n\n\n\n<blockquote class=\"wp-block-quote is-layout-flow wp-block-quote-is-layout-flow\">\n<p>Los imputados por esta infracci\u00f3n a la Ley 23.737 fueron identificados como Hugo Menchaca Ram\u00edrez, de 43 a\u00f1os de edad, y Sof\u00eda Rojas Chambi, de 30; quienes figuran con mismo domicilio en Lomas de Zamora, la ciudad situada en la zona Sur del Gran Buenos Aires.<\/p>\n<\/blockquote>\n\n\n\n<p><\/p>\n\n\n\n<p><strong>M\u00e1s de ocho kilos de coca\u00edna<\/strong><\/p>\n\n\n\n<p><\/p>\n\n\n\n<p>Durante los primeros minutos de este s\u00e1bado que pas\u00f3, agentes del Destacamento de Seguridad Vial perteneciente a la Polic\u00eda provincial llevaron a cabo en jurisdicci\u00f3n de Las Flores el procedimiento que finaliz\u00f3 con el arresto de la pareja que ahora est\u00e1 detenida.<\/p>\n\n\n\n<p><\/p>\n\n\n\n<p>Aquel d\u00eda, en direcci\u00f3n a esta ciudad, ambos investigados viajaban en una camioneta Volkswagen Amarok cuando, en un <strong>control vehicular de rutina,<\/strong> los efectivos de seguridad interceptaron sobre la <strong>Ruta Nacional n\u00famero 3 <\/strong>ese rodado en que se trasladaban.<\/p>\n\n\n\n<p><\/p>\n\n\n\n<p>El procedimiento fue realizado por los <strong>polic\u00edas de Vial Las Flores a la altura del kil\u00f3metro 187 de la mencionada ruta estatal<\/strong> y, tal lo referido, derivo en las aprehensiones del var\u00f3n y de la mujer tras lo que fueron los hallazgos y posteriores secuestros de esos ocho panes de coca\u00edna que llevaban en la camioneta.<\/p>\n\n\n\n<p><\/p>\n\n\n\n<p>Sin que se informara hasta el momento el destino que ten\u00eda esa droga, sobre la base de la acusaci\u00f3n que pesa ahora sobre ambos investigados se sostiene -desde la Fiscal\u00eda Federal tambi\u00e9n con asiento en Azul- que la sustancia estupefaciente <strong>fue detentada por la pareja &#8220;en forma ileg\u00edtima y con fines de comercializaci\u00f3n&#8221;.<\/strong><\/p>\n\n\n\n<p><\/p>\n\n\n\n<p>Lugo de tests a los que fuera sometida la droga una vez incautada pudo determinarse que esos ocho panes hallados en la camioneta pesan un total de <strong>&#8220;8 kilos y 430 gramos&#8221;.<\/strong><\/p>\n\n\n\n<p><\/p>\n\n\n\n<p><em>Fuente: Diario El Tiempo. <\/em><\/p>\n","protected":false},"excerpt":{"rendered":"<p>Se trata de un var\u00f3n y una mujer radicados en el conurbano bonaerense. Fueron detenidos en Las Flores. La causa<\/p>\n","protected":false},"author":5,"featured_media":134014,"comment_status":"closed","ping_status":"closed","sticky":false,"template":"","format":"standard","meta":{"_jetpack_memberships_contains_paid_content":false,"footnotes":""},"categories":[6,1],"tags":[],"class_list":["post-134013","post","type-post","status-publish","format-standard","has-post-thumbnail","hentry","category-nacionales","category-portada"],"jetpack_featured_media_url":"https:\/\/i0.wp.com\/cdnoticias.com\/wp-content\/uploads\/2025\/01\/azul-droga-detenidos.jpg?fit=800%2C445&ssl=1","jetpack_sharing_enabled":true,"_links":{"self":[{"href":"https:\/\/cdnoticias.com\/index.php\/wp-json\/wp\/v2\/posts\/134013","targetHints":{"allow":["GET"]}}],"collection":[{"href":"https:\/\/cdnoticias.com\/index.php\/wp-json\/wp\/v2\/posts"}],"about":[{"href":"https:\/\/cdnoticias.com\/index.php\/wp-json\/wp\/v2\/types\/post"}],"author":[{"embeddable":true,"href":"https:\/\/cdnoticias.com\/index.php\/wp-json\/wp\/v2\/users\/5"}],"replies":[{"embeddable":true,"href":"https:\/\/cdnoticias.com\/index.php\/wp-json\/wp\/v2\/comments?post=134013"}],"version-history":[{"count":0,"href":"https:\/\/cdnoticias.com\/index.php\/wp-json\/wp\/v2\/posts\/134013\/revisions"}],"wp:featuredmedia":[{"embeddable":true,"href":"https:\/\/cdnoticias.com\/index.php\/wp-json\/wp\/v2\/media\/134014"}],"wp:attachment":[{"href":"https:\/\/cdnoticias.com\/index.php\/wp-json\/wp\/v2\/media?parent=134013"}],"wp:term":[{"taxonomy":"category","embeddable":true,"href":"https:\/\/cdnoticias.com\/index.php\/wp-json\/wp\/v2\/categories?post=134013"},{"taxonomy":"post_tag","embeddable":true,"href":"https:\/\/cdnoticias.com\/index.php\/wp-json\/wp\/v2\/tags?post=134013"}],"curies":[{"name":"wp","href":"https:\/\/api.w.org\/{rel}","templated":true}]}}