{"id":134007,"date":"2025-01-07T08:39:37","date_gmt":"2025-01-07T11:39:37","guid":{"rendered":"https:\/\/cdnoticias.com\/?p=134007"},"modified":"2025-01-07T12:33:37","modified_gmt":"2025-01-07T15:33:37","slug":"por-un-caso-de-abuso-de-arma-fueron-secuestrados-50-kilos-de-carne","status":"publish","type":"post","link":"https:\/\/cdnoticias.com\/index.php\/2025\/01\/07\/por-un-caso-de-abuso-de-arma-fueron-secuestrados-50-kilos-de-carne\/","title":{"rendered":"Por un caso de abuso de arma fueron secuestrados 50 kilos de carne"},"content":{"rendered":"<p>Presumen que la carne procede de Loma Negra. Se concretaron dos allanamientos en el barrio Nicol\u00e1s Avellaneda a ra\u00edz de un hecho registrado el 1\u00ba de enero.<!--more--><\/p>\n<hr \/>\n<p><a href=\"https:\/\/cdnoticias.com\/index.php\/2025\/01\/01\/festejos-de-ano-nuevo-en-olavarria-dos-heridos-de-bala-y-saldo-positivo-en-los-puntos-de-reunion\/\" target=\"_blank\" rel=\"noopener\">Tal como se inform\u00f3, el 1\u00ba de enero se registr\u00f3 una persona herida de arma de fuego<\/a> en el marco de un <strong>conflicto vecinal en Aguilar al 600<\/strong>, en el barrio Nicol\u00e1s Avellaneda.<\/p>\n<p>En ese marco, se inform\u00f3 que <strong>los autores estaban identificados: son dos hombres de 22 y 51 a\u00f1os<\/strong>. A pedido de la <strong>UFI N\u00ba 7<\/strong> que lleva adelante las averiguaciones, el <strong>Juzgado de Garant\u00edas N\u00ba 2<\/strong> libr\u00f3 <strong>dos \u00f3rdenes de allanamiento<\/strong> en los domicilios de los imputados.<\/p>\n<p>Intervinieron personal de la <em>Comisar\u00eda Segunda, de la Comisar\u00eda de la Mujer y la Familia, de la Subcomisar\u00eda Loma Negra, de Polic\u00eda Local y de UTOI<\/em>.<\/p>\n<p>De esa manera, <strong>en una vivienda de Laprida al 500<\/strong> se procedi\u00f3 al <strong>secuestro de un equipo celular Samsung<\/strong>. En tanto, en el segundo domicilio no se hallaron elementos de inter\u00e9s para el caso en investigaci\u00f3n.<\/p>\n<blockquote><p>En tanto, en el segundo punto de Laprida al 600, se procedi\u00f3 al secuestro de 50 kilos de carne vacuna cuya procedencia no pudo ser justificada por los moradores. Se estim\u00f3 que podr\u00eda guardar relaci\u00f3n con un caso denunciado en la localidad de Loma Negra.<\/p><\/blockquote>\n<p>Sobre la carne secuestrada, el Juzgado de Garant\u00edas dispuso que sea <strong>entregada a personal de Bromatolog\u00eda municipal<\/strong> para consumo de animales del Bioparque \u201cLa M\u00e1xima\u201d. En tanto, el propietario de la vivienda allanada fue notificado de las actuaciones en su contra.<\/p>\n<p>En este domicilio tambi\u00e9n fue<strong> secuestrada una bicicleta con numeraci\u00f3n en caja pedalera suprimida<\/strong>. Se iniciaron actuaciones por presunta comisi\u00f3n de <strong>&#8220;delito de acci\u00f3n p\u00fablica&#8221;<\/strong>.<\/p>\n<p>Respecto del hecho registrado el 1\u00ba de enero, las actuaciones se mantienen caratuladas como<strong> \u201cabuso de armas y lesiones\u201d<\/strong> con intervenci\u00f3n de la UFI N\u00ba 7 a cargo del fiscal Christian Url\u00e9zaga.<\/p>\n","protected":false},"excerpt":{"rendered":"<p>Presumen que la carne procede de Loma Negra. Se concretaron dos allanamientos en el barrio Nicol\u00e1s Avellaneda a ra\u00edz de<\/p>\n","protected":false},"author":4,"featured_media":134009,"comment_status":"closed","ping_status":"closed","sticky":false,"template":"","format":"standard","meta":{"_jetpack_memberships_contains_paid_content":false,"footnotes":""},"categories":[14,1],"tags":[],"class_list":["post-134007","post","type-post","status-publish","format-standard","has-post-thumbnail","hentry","category-policiales","category-portada"],"jetpack_featured_media_url":"https:\/\/i0.wp.com\/cdnoticias.com\/wp-content\/uploads\/2025\/01\/laprida-al-600-y-al-500-allanamientos-a.jpg?fit=1000%2C491&ssl=1","jetpack_sharing_enabled":true,"_links":{"self":[{"href":"https:\/\/cdnoticias.com\/index.php\/wp-json\/wp\/v2\/posts\/134007","targetHints":{"allow":["GET"]}}],"collection":[{"href":"https:\/\/cdnoticias.com\/index.php\/wp-json\/wp\/v2\/posts"}],"about":[{"href":"https:\/\/cdnoticias.com\/index.php\/wp-json\/wp\/v2\/types\/post"}],"author":[{"embeddable":true,"href":"https:\/\/cdnoticias.com\/index.php\/wp-json\/wp\/v2\/users\/4"}],"replies":[{"embeddable":true,"href":"https:\/\/cdnoticias.com\/index.php\/wp-json\/wp\/v2\/comments?post=134007"}],"version-history":[{"count":0,"href":"https:\/\/cdnoticias.com\/index.php\/wp-json\/wp\/v2\/posts\/134007\/revisions"}],"wp:featuredmedia":[{"embeddable":true,"href":"https:\/\/cdnoticias.com\/index.php\/wp-json\/wp\/v2\/media\/134009"}],"wp:attachment":[{"href":"https:\/\/cdnoticias.com\/index.php\/wp-json\/wp\/v2\/media?parent=134007"}],"wp:term":[{"taxonomy":"category","embeddable":true,"href":"https:\/\/cdnoticias.com\/index.php\/wp-json\/wp\/v2\/categories?post=134007"},{"taxonomy":"post_tag","embeddable":true,"href":"https:\/\/cdnoticias.com\/index.php\/wp-json\/wp\/v2\/tags?post=134007"}],"curies":[{"name":"wp","href":"https:\/\/api.w.org\/{rel}","templated":true}]}}