{"id":134001,"date":"2025-01-06T20:13:15","date_gmt":"2025-01-06T23:13:15","guid":{"rendered":"https:\/\/cdnoticias.com\/?p=134001"},"modified":"2025-01-07T11:20:50","modified_gmt":"2025-01-07T14:20:50","slug":"finalmente-se-postergo-la-mesa-de-trabajo-para-negociar-el-presupuesto-y-la-ley-impositiva","status":"publish","type":"post","link":"https:\/\/cdnoticias.com\/index.php\/2025\/01\/06\/finalmente-se-postergo-la-mesa-de-trabajo-para-negociar-el-presupuesto-y-la-ley-impositiva\/","title":{"rendered":"Finalmente, se posterg\u00f3 la mesa de trabajo para negociar el Presupuesto y la Ley Impositiva"},"content":{"rendered":"\n<p>La gesti\u00f3n Kicillof finalmente no aval\u00f3 la propuesta de que se retomen las negociaciones, y la postergaci\u00f3n por ahora no tiene fecha concreta.<\/p>\n\n\n\n<hr class=\"wp-block-separator aligncenter has-alpha-channel-opacity\"\/>\n\n\n\n<p>El Gobierno de Axel Kicillof decidi\u00f3<strong> postergar el di\u00e1logo con los legisladores bonaerenses para destrabar los proyectos de Presupuesto y Ley Impositiva, dejando en suspenso las conversaciones que se esperaban para este martes.<\/strong><\/p>\n\n\n\n<p>Tras el fracaso de la sesi\u00f3n a fin de a\u00f1o y la pr\u00f3rroga oficial de ambas iniciativas para 2025,<strong> se preve\u00eda que funcionarios de la administraci\u00f3n provincial se reunir\u00edan con legisladores tanto oficialistas como opositores, pero fuentes oficiales confirmaron que no habr\u00e1 c\u00f3nclave por el momento.<\/strong><\/p>\n\n\n\n<p>El primer encuentro, que deb\u00eda realizarse con la presencia del<strong> ministro de Infraestructura, Gabriel Katopodis, conocido por su habilidad en la negociaci\u00f3n pol\u00edtica, qued\u00f3 sin fecha definida. <\/strong>Aunque se hab\u00edan planificado dos tandas de reuniones con los jefes de bloque de la UCR y el PRO el martes, y con el resto de la oposici\u00f3n al d\u00eda siguiente,<strong> no se formaliz\u00f3 ninguna convocatoria.<\/strong><\/p>\n\n\n\n<p><strong>El Ejecutivo bonaerense busca negociar las leyes junto con la cl\u00e1usula de endeudamiento, que requiere una mayor\u00eda de dos tercios en la Legislatura. <\/strong>Este punto, junto con el fondo para el financiamiento de los municipios, fue el motivo del colapso de la sesi\u00f3n anterior. La oposici\u00f3n, liderada por UCR y PRO, propuso un reparto de $470 mil millones entre los municipios, mientras que el Gobierno ofreci\u00f3 hasta $160 mil millones. <strong>Esta discrepancia llev\u00f3 a los opositores a rechazar el endeudamiento de 1,2 billones de pesos solicitado por el Ejecutivo.<\/strong><\/p>\n\n\n\n<p><strong>Kicillof advirti\u00f3 que sin esos recursos prefer\u00eda continuar negociando, ya que consideraba que se le impon\u00edan obligaciones presupuestarias sin el financiamiento necesario.<\/strong> En este marco, la sesi\u00f3n qued\u00f3 suspendida.<\/p>\n\n\n\n<p><strong>Diego Garciarena, presidente del bloque Acuerdo C\u00edvico UCR + GEN, expres\u00f3 en la red social X que los legisladores opositores estaban dispuestos a iniciar el di\u00e1logo esencial con el Ejecutivo <\/strong>para dotar al gobernador de las herramientas necesarias. Sin embargo, reconoci\u00f3 que <strong>no hab\u00eda una convocatoria oficial por parte de la Gobernaci\u00f3n para empezar el debate, reflejando la incertidumbre sobre el futuro de estas negociaciones.<\/strong><\/p>\n","protected":false},"excerpt":{"rendered":"<p>La gesti\u00f3n Kicillof finalmente no aval\u00f3 la propuesta de que se retomen las negociaciones, y la postergaci\u00f3n por ahora no<\/p>\n","protected":false},"author":2,"featured_media":121847,"comment_status":"closed","ping_status":"closed","sticky":false,"template":"","format":"standard","meta":{"_jetpack_memberships_contains_paid_content":false,"footnotes":""},"categories":[6,1],"tags":[],"class_list":["post-134001","post","type-post","status-publish","format-standard","has-post-thumbnail","hentry","category-nacionales","category-portada"],"jetpack_featured_media_url":"https:\/\/i0.wp.com\/cdnoticias.com\/wp-content\/uploads\/2024\/07\/axel-kicillof.jpg?fit=1000%2C556&ssl=1","jetpack_sharing_enabled":true,"_links":{"self":[{"href":"https:\/\/cdnoticias.com\/index.php\/wp-json\/wp\/v2\/posts\/134001","targetHints":{"allow":["GET"]}}],"collection":[{"href":"https:\/\/cdnoticias.com\/index.php\/wp-json\/wp\/v2\/posts"}],"about":[{"href":"https:\/\/cdnoticias.com\/index.php\/wp-json\/wp\/v2\/types\/post"}],"author":[{"embeddable":true,"href":"https:\/\/cdnoticias.com\/index.php\/wp-json\/wp\/v2\/users\/2"}],"replies":[{"embeddable":true,"href":"https:\/\/cdnoticias.com\/index.php\/wp-json\/wp\/v2\/comments?post=134001"}],"version-history":[{"count":0,"href":"https:\/\/cdnoticias.com\/index.php\/wp-json\/wp\/v2\/posts\/134001\/revisions"}],"wp:featuredmedia":[{"embeddable":true,"href":"https:\/\/cdnoticias.com\/index.php\/wp-json\/wp\/v2\/media\/121847"}],"wp:attachment":[{"href":"https:\/\/cdnoticias.com\/index.php\/wp-json\/wp\/v2\/media?parent=134001"}],"wp:term":[{"taxonomy":"category","embeddable":true,"href":"https:\/\/cdnoticias.com\/index.php\/wp-json\/wp\/v2\/categories?post=134001"},{"taxonomy":"post_tag","embeddable":true,"href":"https:\/\/cdnoticias.com\/index.php\/wp-json\/wp\/v2\/tags?post=134001"}],"curies":[{"name":"wp","href":"https:\/\/api.w.org\/{rel}","templated":true}]}}