{"id":133999,"date":"2025-01-06T19:21:07","date_gmt":"2025-01-06T22:21:07","guid":{"rendered":"https:\/\/cdnoticias.com\/?p=133999"},"modified":"2025-01-07T08:40:03","modified_gmt":"2025-01-07T11:40:03","slug":"hilario-galli-en-nuestra-gestion-ha-habido-errores-no-esos-solamente-de-la-auditoria","status":"publish","type":"post","link":"https:\/\/cdnoticias.com\/index.php\/2025\/01\/06\/hilario-galli-en-nuestra-gestion-ha-habido-errores-no-esos-solamente-de-la-auditoria\/","title":{"rendered":"Hilario Galli: \u201cen nuestra gesti\u00f3n ha habido errores, no esos solamente de la auditor\u00eda\u201d"},"content":{"rendered":"\n<p>El ex funcionario de la gesti\u00f3n de Ezequiel Galli y ahora concejal se defendi\u00f3 de algunos datos que aparecieron en la auditor\u00eda realizada por la gesti\u00f3n de Maximiliano Wesner. Plante\u00f3 responsabilidades \u201cespec\u00edficas\u201d sin l\u00edneas pol\u00edticas en la gesti\u00f3n anterior.<\/p>\n\n\n\n<hr class=\"wp-block-separator aligncenter has-alpha-channel-opacity\"\/>\n\n\n\n<p>Tras la publicaci\u00f3n de una extensa auditor\u00eda desde la gesti\u00f3n Wesner planteando c\u00f3mo fue recibida la comuna tras la gesti\u00f3n de Ezequiel Galli, <strong>el ex secretario de Gobierno y ahora concejal del Pro, Hilario Galli, se defendi\u00f3 y explic\u00f3 algunas cuestiones que aparecieron en la auditor\u00eda que tienen que ver con el desarrollo de los 8 a\u00f1os de gobierno anterior. Intent\u00f3 explicar la din\u00e1mica de la gesti\u00f3n Galli sobre las responsabilidades, dando cuenta de una falta de liderazgo pol\u00edtico y que cada secretario o titular de dependencia deb\u00eda dar cuenta de lo sucedido en sus \u00e1reas.<\/strong><\/p>\n\n\n\n<p>Lo hizo en di\u00e1logo con<strong> Claudia Bilbao en Desayuno con Noticias, por RadioM<\/strong>. En primera instancia, Galli valor\u00f3 la auditor\u00eda ya que <em><strong>\u201csiempre son buenas, sobre todo para cuando reci\u00e9n arranca una gesti\u00f3n de lo que fuere, no s\u00f3lo municipal sino a cargo de una empresa, siempre es bueno auditar no s\u00f3lo para corregir desv\u00edos o errores, para saber d\u00f3nde estamos parados\u201d.<\/strong><\/em><\/p>\n\n\n\n<p>Para ahondar en su tesis, explic\u00f3 que<em> \u201cel Municipio tiene un mont\u00f3n de \u00e1reas, en la cabeza uno tiene las m\u00e1s comunes o m\u00e1s nombradas, pero en realidad un Estado se ocupa de much\u00edsimos temas. Poder auditar cada una de esas \u00e1reas\u2026son 2600 empleados, como 140 direcciones. Poder saber c\u00f3mo funcionan cada una de ellas es important\u00edsimo\u201d.<\/em><\/p>\n\n\n\n<figure class=\"wp-block-image size-large\"><img data-recalc-dims=\"1\" loading=\"lazy\" decoding=\"async\" width=\"800\" height=\"445\" src=\"https:\/\/i0.wp.com\/cdnoticias.com\/wp-content\/uploads\/2023\/07\/hilario-galli3.jpg?resize=800%2C445&#038;ssl=1\" alt=\"\" class=\"wp-image-89493\" srcset=\"https:\/\/i0.wp.com\/cdnoticias.com\/wp-content\/uploads\/2023\/07\/hilario-galli3.jpg?resize=1024%2C570&amp;ssl=1 1024w, https:\/\/i0.wp.com\/cdnoticias.com\/wp-content\/uploads\/2023\/07\/hilario-galli3.jpg?resize=300%2C167&amp;ssl=1 300w, https:\/\/i0.wp.com\/cdnoticias.com\/wp-content\/uploads\/2023\/07\/hilario-galli3.jpg?resize=768%2C428&amp;ssl=1 768w, https:\/\/i0.wp.com\/cdnoticias.com\/wp-content\/uploads\/2023\/07\/hilario-galli3.jpg?resize=800%2C445&amp;ssl=1 800w, https:\/\/i0.wp.com\/cdnoticias.com\/wp-content\/uploads\/2023\/07\/hilario-galli3.jpg?w=1029&amp;ssl=1 1029w\" sizes=\"auto, (max-width: 800px) 100vw, 800px\" \/><\/figure>\n\n\n\n<p>Y record\u00f3: <em><strong>\u201cNosotros en 2015 tambi\u00e9n la hicimos. Si bien no nos demoramos un a\u00f1o, cada uno desde su espacio audit\u00f3 lo que le correspond\u00eda. No generamos un documento, pero pudimos corregir cuestiones que estaban mal y esa es la forma que tiene para iniciar la gesti\u00f3n\u201d.<\/strong><\/em><\/p>\n\n\n\n<p>En este sentido,<strong> dio cuenta de la diferencia entre Jefatura de Gabinete y la Secretar\u00eda de Gobierno.<\/strong> All\u00ed, se deslig\u00f3 solo<em> \u201ca mis competencias que eran limitadas a mis subsecretar\u00edas\u201d.<\/em> De todas maneras, <em><strong>\u201cpor una cuesti\u00f3n pol\u00edtica de diferencias me terminaba metiendo en cuestiones que no me correspond\u00edan como ya se ha sabido, hasta termin\u00e9 poniendo mi oficina en el Hospital Municipal. Pero simplemente de manera de soporte y ayuda al resto de los secretarios, no con la figura de Jefe de Gabinete\u201d.<\/strong><\/em><\/p>\n\n\n\n<blockquote class=\"wp-block-quote is-layout-flow wp-block-quote-is-layout-flow\">\n<p>Aqu\u00ed, ensay\u00f3 una primera defensa sobre lo sucedido: \u201cen todas las gestiones siempre hay errores, es una cuesti\u00f3n l\u00f3gica por estar personas delante de las \u00e1reas. Es imposible plantear una gesti\u00f3n en la que no existan errores y en la que no existan ineficiencias. Por eso trabajamos todos los d\u00edas. Es por esas cuestiones que se van perfeccionando las funciones de todas las \u00e1reas\u201d.<\/p>\n<\/blockquote>\n\n\n\n<p>En esta<strong> explicaci\u00f3n ejemplific\u00f3 con la situaci\u00f3n de la Recaudaci\u00f3n, m\u00e1s precisamente con la al\u00edcuota que se cobra a los Parques E\u00f3licos que nunca se ajust\u00f3<\/strong>. <em>\u201cEsas son funciones espec\u00edficas de Rentas, de la Secretar\u00eda de Hacienda. Y ac\u00e1 va m\u00e1s all\u00e1 de las gestiones estatales, m\u00e1s all\u00e1 de la pol\u00edtica y que tienen que ver con las cuestiones din\u00e1micas de los Municipios. Hay gestiones que van m\u00e1s all\u00e1 de quien sea el Intendente, como la recaudaci\u00f3n. Se basa espec\u00edficamente en la Ordenanza Fiscal e Impositiva. <strong>Y quien se ocupa de llevar adelante todas las recaudaciones es Rentas y Hacienda. Y es la misma Directora y la misma Secretaria que tuvimos nosotros<\/strong>\u201d<\/em> en referencia a Eugenia Bezzoni.<strong> Es decir, deslig\u00f3 al ex Intendente Galli y a la principal referencia pol\u00edtica de su gesti\u00f3n y enfatiz\u00f3 en la Secretar\u00eda de Hacienda.<\/strong><\/p>\n\n\n\n<p>De hecho, <strong>desliz\u00f3 que si fue Bezzoni la encargada de auditar su \u00e1rea<em> \u201cencontr\u00f3 un error propio, porque fue funcionaria de las dos gestiones. Si lo consideran que fue algo adrede, que me parecer\u00eda muy grave, tendr\u00edan que tomar una sanci\u00f3n espec\u00edfica sobre los funcionarios que cumplieron ese rol. Pero no lo han considerado adrede\u201d<\/em> dijo.<\/strong><\/p>\n\n\n\n<figure class=\"wp-block-embed is-type-wp-embed is-provider-central-de-noticias-olavarr-a wp-block-embed-central-de-noticias-olavarr-a\"><div class=\"wp-block-embed__wrapper\">\n<blockquote class=\"wp-embedded-content\" data-secret=\"hPT1I8MZvs\"><a href=\"https:\/\/cdnoticias.com\/index.php\/2025\/01\/02\/fue-denunciado-un-empleado-municipal-por-uso-indebido-de-tarjetas-de-programas-sociales\/\">Fue denunciado un empleado municipal por \u201cuso indebido de tarjetas\u201d de programas sociales<\/a><\/blockquote><iframe loading=\"lazy\" class=\"wp-embedded-content\" sandbox=\"allow-scripts\" security=\"restricted\" style=\"position: absolute; visibility: hidden;\" title=\"&#8220;Fue denunciado un empleado municipal por \u201cuso indebido de tarjetas\u201d de programas sociales&#8221; &#8212; Central de Noticias | Olavarr\u00eda\" src=\"https:\/\/cdnoticias.com\/index.php\/2025\/01\/02\/fue-denunciado-un-empleado-municipal-por-uso-indebido-de-tarjetas-de-programas-sociales\/embed\/#?secret=z4ZrQdkQGx#?secret=hPT1I8MZvs\" data-secret=\"hPT1I8MZvs\" width=\"600\" height=\"338\" frameborder=\"0\" marginwidth=\"0\" marginheight=\"0\" scrolling=\"no\"><\/iframe>\n<\/div><\/figure>\n\n\n\n<p>Entre los tant\u00edsimos ejemplos<strong>, la periodista Bilbao consult\u00f3 por las c\u00e1maras de seguridad que no funcionaban al momento de la asunci\u00f3n de Wesner. <\/strong>All\u00ed, Hilario Galli explic\u00f3 que <em>\u201chay muchas que van dejando de funcionar por diversas cuestiones. Como la que pas\u00f3 en el barrio Matadero. Despu\u00e9s hay otras que tienen que ver con cuestiones clim\u00e1ticas: todo eso sal\u00eda de Seguridad. Entiendo que hab\u00eda un contrato de mantenimiento de las c\u00e1maras. Cu\u00e1les han sido las c\u00e1maras, no s\u00e9\u201d<\/em>. Nuevamente, apunt\u00f3 al responsable de \u00e1rea. De todas maneras, Hilario Galli se\u00f1al\u00f3 que muchas de estas situaciones <em><strong>\u201ccorresponden al a\u00f1o 2024: est\u00e1 bueno hacerla todos los a\u00f1os, porque esto va a seguir pasando porque como todos saben, todos los componentes electr\u00f3nicos no son eternos. Se desgastan, se rompen, se arreglan, en determinados periodos hay que cambiarlo por unos nuevos\u201d.<\/strong><\/em><\/p>\n\n\n\n<figure class=\"wp-block-embed is-type-wp-embed is-provider-central-de-noticias-olavarr-a wp-block-embed-central-de-noticias-olavarr-a\"><div class=\"wp-block-embed__wrapper\">\n<blockquote class=\"wp-embedded-content\" data-secret=\"uWKLzBO5JT\"><a href=\"https:\/\/cdnoticias.com\/index.php\/2024\/12\/31\/auditoria-exhaustivo-diagnostico-de-gestion-irregularidades-y-cuatro-causas-que-debera-investigar-la-justicia\/\">Auditor\u00eda: exhaustivo diagn\u00f3stico de gesti\u00f3n, irregularidades y cuatro causas que deber\u00e1 investigar la justicia<\/a><\/blockquote><iframe loading=\"lazy\" class=\"wp-embedded-content\" sandbox=\"allow-scripts\" security=\"restricted\" style=\"position: absolute; visibility: hidden;\" title=\"&#8220;Auditor\u00eda: exhaustivo diagn\u00f3stico de gesti\u00f3n, irregularidades y cuatro causas que deber\u00e1 investigar la justicia&#8221; &#8212; Central de Noticias | Olavarr\u00eda\" src=\"https:\/\/cdnoticias.com\/index.php\/2024\/12\/31\/auditoria-exhaustivo-diagnostico-de-gestion-irregularidades-y-cuatro-causas-que-debera-investigar-la-justicia\/embed\/#?secret=Gf3tjI4iuG#?secret=uWKLzBO5JT\" data-secret=\"uWKLzBO5JT\" width=\"600\" height=\"338\" frameborder=\"0\" marginwidth=\"0\" marginheight=\"0\" scrolling=\"no\"><\/iframe>\n<\/div><\/figure>\n\n\n\n<p>Sobre la aparatolog\u00eda adquirida en la gesti\u00f3n Galli que nunca fue entregada por parte del proveedor, <strong>el concejal admiti\u00f3 \u201cno tener\u201d una respuesta.<\/strong><em> \u201cLa parte de Compras de Salud depend\u00eda directamente del Hospital, de hecho ten\u00edan una oficina dentro del Hospital. Los procesos licitatorios incluso se desarrollaban ah\u00ed, por fuera del Palacio San Mart\u00edn. Me enter\u00e9 por la Auditor\u00eda\u201d<\/em> dijo. Nuevamente, dej\u00f3 en claro que las responsabilidades pol\u00edticas iban por fuera de la gesti\u00f3n.<\/p>\n\n\n\n<p>\u00a0<strong>Misma situaci\u00f3n con medidores que utilizaba, por ejemplo, el sindicato de Trabajadores Municipales y que se hac\u00eda cargo la comuna.<\/strong> En la auditor\u00eda se arroj\u00f3 un saldo de 17 millones de pesos en luz que abon\u00f3 el Municipio por la utilizaci\u00f3n del STMO: <em>\u201cHay un mont\u00f3n de medidores, lo planteo no s\u00f3lo de nuestra gesti\u00f3n sino de anteriores, que est\u00e1n a nombre del Municipio, de hecho el de la quinta est\u00e1 a nombre del Municipio porque el predio es del Municipio. As\u00ed como ese hay un mont\u00f3n de dependencias que tiene a nombre del Municipio\u201d <\/em>dijo Galli.<\/p>\n\n\n\n<figure class=\"wp-block-embed is-type-wp-embed is-provider-central-de-noticias-olavarr-a wp-block-embed-central-de-noticias-olavarr-a\"><div class=\"wp-block-embed__wrapper\">\n<blockquote class=\"wp-embedded-content\" data-secret=\"4hb3nCxyup\"><a href=\"https:\/\/cdnoticias.com\/index.php\/2025\/01\/02\/usaba-la-casa-del-bicentenario-como-su-casa-y-tuvieron-que-cambiar-las-cerraduras\/\">Usaba la Casa del Bicentenario como &#8220;su casa&#8221; y tuvieron que cambiar las cerraduras<\/a><\/blockquote><iframe loading=\"lazy\" class=\"wp-embedded-content\" sandbox=\"allow-scripts\" security=\"restricted\" style=\"position: absolute; visibility: hidden;\" title=\"&#8220;Usaba la Casa del Bicentenario como &#8220;su casa&#8221; y tuvieron que cambiar las cerraduras&#8221; &#8212; Central de Noticias | Olavarr\u00eda\" src=\"https:\/\/cdnoticias.com\/index.php\/2025\/01\/02\/usaba-la-casa-del-bicentenario-como-su-casa-y-tuvieron-que-cambiar-las-cerraduras\/embed\/#?secret=V9qSkbHO1t#?secret=4hb3nCxyup\" data-secret=\"4hb3nCxyup\" width=\"600\" height=\"338\" frameborder=\"0\" marginwidth=\"0\" marginheight=\"0\" scrolling=\"no\"><\/iframe>\n<\/div><\/figure>\n\n\n\n<p>Sobre la situaci\u00f3n en<strong> Catastro, con cuatro empleados despedidos por modificar datos del RAFAM para evitar cobro de tasas,<\/strong> <em>\u201cpor lo que le\u00ed en la Auditor\u00eda comenz\u00f3 a pasar en enero de 2024, por lo que es de esta gesti\u00f3n. De la misma forma que pas\u00f3 esta irregularidad en Catastro que corrigieron a tiempo, en nuestro momento nos pas\u00f3 algo del mismo tenor con dos personas en Bromatolog\u00eda con respecto al cobro del agua, que identificamos, hicimos un sumario, denuncia penal, se apart\u00f3 a las personas. Nos pas\u00f3 con el psicof\u00edsico del Hospital, con un cobro indebido. Es algo que lamentablemente sucede, y va por fuera de la gesti\u00f3n municipal, son errores de las personas que est\u00e1n dentro de la Municipalidad\u201d.<\/em><\/p>\n\n\n\n<figure class=\"wp-block-embed is-type-wp-embed is-provider-central-de-noticias-olavarr-a wp-block-embed-central-de-noticias-olavarr-a\"><div class=\"wp-block-embed__wrapper\">\n<blockquote class=\"wp-embedded-content\" data-secret=\"QfCe5yJPqS\"><a href=\"https:\/\/cdnoticias.com\/index.php\/2025\/01\/03\/empleados-municipales-hacian-trampa-para-no-pagar-tasas-y-renovar-la-licencia-de-conducir-con-deuda\/\">Empleados municipales hac\u00edan trampa para no pagar tasas y renovar la licencia de conducir con deuda<\/a><\/blockquote><iframe loading=\"lazy\" class=\"wp-embedded-content\" sandbox=\"allow-scripts\" security=\"restricted\" style=\"position: absolute; visibility: hidden;\" title=\"&#8220;Empleados municipales hac\u00edan trampa para no pagar tasas y renovar la licencia de conducir con deuda&#8221; &#8212; Central de Noticias | Olavarr\u00eda\" src=\"https:\/\/cdnoticias.com\/index.php\/2025\/01\/03\/empleados-municipales-hacian-trampa-para-no-pagar-tasas-y-renovar-la-licencia-de-conducir-con-deuda\/embed\/#?secret=D4iZMlLFPV#?secret=QfCe5yJPqS\" data-secret=\"QfCe5yJPqS\" width=\"600\" height=\"338\" frameborder=\"0\" marginwidth=\"0\" marginheight=\"0\" scrolling=\"no\"><\/iframe>\n<\/div><\/figure>\n\n\n\n<p>Galli insisti\u00f3 en que muchas de las cuestiones sucedieron en 2024<em><strong>: \u201cse han mezclado mucho de los temas, se nos han querido machacar errores de nuestra gesti\u00f3n y fueron cuestiones que pasaron el a\u00f1o pasado\u201d.<\/strong><\/em><\/p>\n\n\n\n<p><em>\u201cNo es por deslindarse. Todas las gestiones van teniendo errores y deficiencias y uno va identific\u00e1ndolas y corrigi\u00e9ndolas<strong>. En nuestra gesti\u00f3n ha habido errores, no esas solamente de la auditor\u00eda<\/strong>, pero al no haber sido en medio de una transici\u00f3n no se dieron a conocer sino que fueron procesos internos. Se han omitido procesos involuntariamente en el af\u00e1n de hacer, se ha podido corregir, seguir y as\u00ed son las Municipalidades\u201d<\/em> cerr\u00f3 el tema, para entrar en una jugosa entrevista con Claudia Bilbao.<\/p>\n\n\n\n<figure class=\"wp-block-embed is-type-rich is-provider-instagram wp-block-embed-instagram\"><div class=\"wp-block-embed__wrapper\">\n<blockquote class=\"instagram-media\" data-instgrm-captioned data-instgrm-permalink=\"https:\/\/www.instagram.com\/reel\/DEe59SFRJj5\/?utm_source=ig_embed&amp;utm_campaign=loading\" data-instgrm-version=\"14\" style=\" background:#FFF; border:0; border-radius:3px; box-shadow:0 0 1px 0 rgba(0,0,0,0.5),0 1px 10px 0 rgba(0,0,0,0.15); margin: 1px; max-width:658px; min-width:326px; padding:0; width:99.375%; width:-webkit-calc(100% - 2px); width:calc(100% - 2px);\"><div style=\"padding:16px;\"> <a href=\"https:\/\/www.instagram.com\/reel\/DEe59SFRJj5\/?utm_source=ig_embed&amp;utm_campaign=loading\" style=\" background:#FFFFFF; line-height:0; padding:0 0; text-align:center; text-decoration:none; width:100%;\" target=\"_blank\"> <div style=\" display: flex; flex-direction: row; align-items: center;\"> <div style=\"background-color: #F4F4F4; border-radius: 50%; flex-grow: 0; height: 40px; margin-right: 14px; width: 40px;\"><\/div> <div style=\"display: flex; flex-direction: column; flex-grow: 1; justify-content: center;\"> <div style=\" background-color: #F4F4F4; border-radius: 4px; flex-grow: 0; height: 14px; margin-bottom: 6px; width: 100px;\"><\/div> <div style=\" background-color: #F4F4F4; border-radius: 4px; flex-grow: 0; height: 14px; width: 60px;\"><\/div><\/div><\/div><div style=\"padding: 19% 0;\"><\/div> <div style=\"display:block; height:50px; margin:0 auto 12px; width:50px;\"><svg width=\"50px\" height=\"50px\" viewBox=\"0 0 60 60\" version=\"1.1\" xmlns=\"https:\/\/www.w3.org\/2000\/svg\" xmlns:xlink=\"https:\/\/www.w3.org\/1999\/xlink\"><g stroke=\"none\" stroke-width=\"1\" fill=\"none\" fill-rule=\"evenodd\"><g transform=\"translate(-511.000000, -20.000000)\" fill=\"#000000\"><g><path d=\"M556.869,30.41 C554.814,30.41 553.148,32.076 553.148,34.131 C553.148,36.186 554.814,37.852 556.869,37.852 C558.924,37.852 560.59,36.186 560.59,34.131 C560.59,32.076 558.924,30.41 556.869,30.41 M541,60.657 C535.114,60.657 530.342,55.887 530.342,50 C530.342,44.114 535.114,39.342 541,39.342 C546.887,39.342 551.658,44.114 551.658,50 C551.658,55.887 546.887,60.657 541,60.657 M541,33.886 C532.1,33.886 524.886,41.1 524.886,50 C524.886,58.899 532.1,66.113 541,66.113 C549.9,66.113 557.115,58.899 557.115,50 C557.115,41.1 549.9,33.886 541,33.886 M565.378,62.101 C565.244,65.022 564.756,66.606 564.346,67.663 C563.803,69.06 563.154,70.057 562.106,71.106 C561.058,72.155 560.06,72.803 558.662,73.347 C557.607,73.757 556.021,74.244 553.102,74.378 C549.944,74.521 548.997,74.552 541,74.552 C533.003,74.552 532.056,74.521 528.898,74.378 C525.979,74.244 524.393,73.757 523.338,73.347 C521.94,72.803 520.942,72.155 519.894,71.106 C518.846,70.057 518.197,69.06 517.654,67.663 C517.244,66.606 516.755,65.022 516.623,62.101 C516.479,58.943 516.448,57.996 516.448,50 C516.448,42.003 516.479,41.056 516.623,37.899 C516.755,34.978 517.244,33.391 517.654,32.338 C518.197,30.938 518.846,29.942 519.894,28.894 C520.942,27.846 521.94,27.196 523.338,26.654 C524.393,26.244 525.979,25.756 528.898,25.623 C532.057,25.479 533.004,25.448 541,25.448 C548.997,25.448 549.943,25.479 553.102,25.623 C556.021,25.756 557.607,26.244 558.662,26.654 C560.06,27.196 561.058,27.846 562.106,28.894 C563.154,29.942 563.803,30.938 564.346,32.338 C564.756,33.391 565.244,34.978 565.378,37.899 C565.522,41.056 565.552,42.003 565.552,50 C565.552,57.996 565.522,58.943 565.378,62.101 M570.82,37.631 C570.674,34.438 570.167,32.258 569.425,30.349 C568.659,28.377 567.633,26.702 565.965,25.035 C564.297,23.368 562.623,22.342 560.652,21.575 C558.743,20.834 556.562,20.326 553.369,20.18 C550.169,20.033 549.148,20 541,20 C532.853,20 531.831,20.033 528.631,20.18 C525.438,20.326 523.257,20.834 521.349,21.575 C519.376,22.342 517.703,23.368 516.035,25.035 C514.368,26.702 513.342,28.377 512.574,30.349 C511.834,32.258 511.326,34.438 511.181,37.631 C511.035,40.831 511,41.851 511,50 C511,58.147 511.035,59.17 511.181,62.369 C511.326,65.562 511.834,67.743 512.574,69.651 C513.342,71.625 514.368,73.296 516.035,74.965 C517.703,76.634 519.376,77.658 521.349,78.425 C523.257,79.167 525.438,79.673 528.631,79.82 C531.831,79.965 532.853,80.001 541,80.001 C549.148,80.001 550.169,79.965 553.369,79.82 C556.562,79.673 558.743,79.167 560.652,78.425 C562.623,77.658 564.297,76.634 565.965,74.965 C567.633,73.296 568.659,71.625 569.425,69.651 C570.167,67.743 570.674,65.562 570.82,62.369 C570.966,59.17 571,58.147 571,50 C571,41.851 570.966,40.831 570.82,37.631\"><\/path><\/g><\/g><\/g><\/svg><\/div><div style=\"padding-top: 8px;\"> <div style=\" color:#3897f0; font-family:Arial,sans-serif; font-size:14px; font-style:normal; font-weight:550; line-height:18px;\">View this post on Instagram<\/div><\/div><div style=\"padding: 12.5% 0;\"><\/div> <div style=\"display: flex; flex-direction: row; margin-bottom: 14px; align-items: center;\"><div> <div style=\"background-color: #F4F4F4; border-radius: 50%; height: 12.5px; width: 12.5px; transform: translateX(0px) translateY(7px);\"><\/div> <div style=\"background-color: #F4F4F4; height: 12.5px; transform: rotate(-45deg) translateX(3px) translateY(1px); width: 12.5px; flex-grow: 0; margin-right: 14px; margin-left: 2px;\"><\/div> <div style=\"background-color: #F4F4F4; border-radius: 50%; height: 12.5px; width: 12.5px; transform: translateX(9px) translateY(-18px);\"><\/div><\/div><div style=\"margin-left: 8px;\"> <div style=\" background-color: #F4F4F4; border-radius: 50%; flex-grow: 0; height: 20px; width: 20px;\"><\/div> <div style=\" width: 0; height: 0; border-top: 2px solid transparent; border-left: 6px solid #f4f4f4; border-bottom: 2px solid transparent; transform: translateX(16px) translateY(-4px) rotate(30deg)\"><\/div><\/div><div style=\"margin-left: auto;\"> <div style=\" width: 0px; border-top: 8px solid #F4F4F4; border-right: 8px solid transparent; transform: translateY(16px);\"><\/div> <div style=\" background-color: #F4F4F4; flex-grow: 0; height: 12px; width: 16px; transform: translateY(-4px);\"><\/div> <div style=\" width: 0; height: 0; border-top: 8px solid #F4F4F4; border-left: 8px solid transparent; transform: translateY(-4px) translateX(8px);\"><\/div><\/div><\/div> <div style=\"display: flex; flex-direction: column; flex-grow: 1; justify-content: center; margin-bottom: 24px;\"> <div style=\" background-color: #F4F4F4; border-radius: 4px; flex-grow: 0; height: 14px; margin-bottom: 6px; width: 224px;\"><\/div> <div style=\" background-color: #F4F4F4; border-radius: 4px; flex-grow: 0; height: 14px; width: 144px;\"><\/div><\/div><\/a><p style=\" color:#c9c8cd; font-family:Arial,sans-serif; font-size:14px; line-height:17px; margin-bottom:0; margin-top:8px; overflow:hidden; padding:8px 0 7px; text-align:center; text-overflow:ellipsis; white-space:nowrap;\"><a href=\"https:\/\/www.instagram.com\/reel\/DEe59SFRJj5\/?utm_source=ig_embed&amp;utm_campaign=loading\" style=\" color:#c9c8cd; font-family:Arial,sans-serif; font-size:14px; font-style:normal; font-weight:normal; line-height:17px; text-decoration:none;\" target=\"_blank\">A post shared by Claudia Bilbao \u2615 (@desayunoconnoticias)<\/a><\/p><\/div><\/blockquote><script async src=\"\/\/platform.instagram.com\/en_US\/embeds.js\"><\/script>\n<\/div><\/figure>\n\n\n\n<p><\/p>\n","protected":false},"excerpt":{"rendered":"<p>El ex funcionario de la gesti\u00f3n de Ezequiel Galli y ahora concejal se defendi\u00f3 de algunos datos que aparecieron en<\/p>\n","protected":false},"author":2,"featured_media":93843,"comment_status":"closed","ping_status":"closed","sticky":false,"template":"","format":"standard","meta":{"_jetpack_memberships_contains_paid_content":false,"footnotes":""},"categories":[4,1],"tags":[],"class_list":["post-133999","post","type-post","status-publish","format-standard","has-post-thumbnail","hentry","category-politica","category-portada"],"jetpack_featured_media_url":"https:\/\/i0.wp.com\/cdnoticias.com\/wp-content\/uploads\/2023\/08\/galli-hilario-ezequiel.jpg?fit=1000%2C556&ssl=1","jetpack_sharing_enabled":true,"_links":{"self":[{"href":"https:\/\/cdnoticias.com\/index.php\/wp-json\/wp\/v2\/posts\/133999","targetHints":{"allow":["GET"]}}],"collection":[{"href":"https:\/\/cdnoticias.com\/index.php\/wp-json\/wp\/v2\/posts"}],"about":[{"href":"https:\/\/cdnoticias.com\/index.php\/wp-json\/wp\/v2\/types\/post"}],"author":[{"embeddable":true,"href":"https:\/\/cdnoticias.com\/index.php\/wp-json\/wp\/v2\/users\/2"}],"replies":[{"embeddable":true,"href":"https:\/\/cdnoticias.com\/index.php\/wp-json\/wp\/v2\/comments?post=133999"}],"version-history":[{"count":0,"href":"https:\/\/cdnoticias.com\/index.php\/wp-json\/wp\/v2\/posts\/133999\/revisions"}],"wp:featuredmedia":[{"embeddable":true,"href":"https:\/\/cdnoticias.com\/index.php\/wp-json\/wp\/v2\/media\/93843"}],"wp:attachment":[{"href":"https:\/\/cdnoticias.com\/index.php\/wp-json\/wp\/v2\/media?parent=133999"}],"wp:term":[{"taxonomy":"category","embeddable":true,"href":"https:\/\/cdnoticias.com\/index.php\/wp-json\/wp\/v2\/categories?post=133999"},{"taxonomy":"post_tag","embeddable":true,"href":"https:\/\/cdnoticias.com\/index.php\/wp-json\/wp\/v2\/tags?post=133999"}],"curies":[{"name":"wp","href":"https:\/\/api.w.org\/{rel}","templated":true}]}}