{"id":133988,"date":"2025-01-06T17:31:54","date_gmt":"2025-01-06T20:31:54","guid":{"rendered":"https:\/\/cdnoticias.com\/?p=133988"},"modified":"2025-01-06T17:32:05","modified_gmt":"2025-01-06T20:32:05","slug":"el-gobierno-disuelve-tres-fondos-fiduciarios-por-irregularidades","status":"publish","type":"post","link":"https:\/\/cdnoticias.com\/index.php\/2025\/01\/06\/el-gobierno-disuelve-tres-fondos-fiduciarios-por-irregularidades\/","title":{"rendered":"El Gobierno disolvi\u00f3 tres fondos fiduciarios por irregularidades"},"content":{"rendered":"\n<p>Son el \u201cPrograma de Desarrollo Rural y Agricultura Familiar\u201d (Prodaf), el \u201cFondo Fiduciario del Servicio Universal\u201d (FFSU) y el \u201cFondo Fiduciario para la Vivienda Social\u201d.<\/p>\n\n\n\n<hr class=\"wp-block-separator aligncenter has-alpha-channel-opacity\"\/>\n\n\n\n<p>El Gobierno nacional<strong> disolvi\u00f3 tres fondos fiduciarios por irregularidades en el manejo y el incumplimiento de objetivos.\u00a0<\/strong>Se trata del \u201cPrograma de Desarrollo Rural y Agricultura Familiar\u201d (Prodaf), el \u201cFondo Fiduciario del Servicio Universal\u201d (FFSU) y el \u201cFondo Fiduciario para la Vivienda Social\u201d.<\/p>\n\n\n\n<p><\/p>\n\n\n\n<p>Publicada este lunes en el Bolet\u00edn Oficial, la decisi\u00f3n se fundamenta en la <strong>necesidad de reestructurar la administraci\u00f3n p\u00fablica <\/strong>y optimizar la gesti\u00f3n de los recursos del Estado.\u00a0<\/p>\n\n\n\n<p><\/p>\n\n\n\n<p>En los considerandos se indica que la Sindicatura General de la Naci\u00f3n (Sigen) realiz\u00f3 las auditor\u00edas correspondientes y detect\u00f3 irregularidades en su funcionamiento.<\/p>\n\n\n\n<p><\/p>\n\n\n\n<blockquote class=\"wp-block-quote is-layout-flow wp-block-quote-is-layout-flow\">\n<p>\u201cCon estos cierres, ya son 18 los fondos fiduciarios disueltos por tener deficiencias identificadas en la gesti\u00f3n sus instrumentos financieros y por debilidades para velar por un uso transparente\u201d, se\u00f1al\u00f3 el Gobierno en un comunicado de prensa citado por la agencia Noticias Argentinas.<\/p>\n<\/blockquote>\n\n\n\n<p><\/p>\n\n\n\n<p>El Fondo Fiduciario para la Vivienda Social hab\u00eda sido <strong>creado en 2017 para financiar programas de vivienda social e infraestructura b\u00e1sica<\/strong>, como \u201cCasa Propia\u201d y \u201cReconstruir\u201d.\u00a0\u201cEste instrumento fue utilizado con finalidades pol\u00edticas y clientel\u00edsticas, y hab\u00eda evidenciado irregularidades e incumplimientos\u201d, se indic\u00f3.\u00a0<\/p>\n\n\n\n<p><\/p>\n\n\n\n<p>\u201cLas auditorias efectuadas por la Sigen pusieron en relieve entre las principales deficiencias irregularidades en los proyectos financiados; falta de rendici\u00f3n de cuentas; obras rescindidas sin que los fondos desembolsados hayan sido reintegrados al Estado Nacional, entre otros\u201d.<\/p>\n\n\n\n<p><\/p>\n\n\n\n<p>El FFSU hab\u00eda sido creado por la Ley N\u00b0 27.078 y se nutr\u00eda de aportes de los licenciatarios de servicios TIC (servicios de tecnolog\u00edas de la informaci\u00f3n y la comunicaci\u00f3n), con servicios pagados por los usuarios.&nbsp;<\/p>\n\n\n\n<p><\/p>\n\n\n\n<p>\u201cSu finalidad apuntaba a favorecer un acceso m\u00e1s universal a las tecnolog\u00edas de la informaci\u00f3n. Sin embargo, el instrumento evidenci\u00f3 m\u00faltiples deficiencias en su gesti\u00f3n corroboradas por los informes de la Sigen\u201d se indic\u00f3. <\/p>\n\n\n\n<p><\/p>\n\n\n\n<p>Entre las principales falencias se destacaron <strong>\u201cla falta de un plan estrat\u00e9gico para direccionar inversiones acordes a los objetivos; la ejecuci\u00f3n de programas sin pr\u00f3rroga formal y proyectos aprobados sin cumplir requisitos claros; p\u00e9rdidas de poder adquisitivo en las inversiones, etc\u00e9tera\u201d.\u00a0<\/strong><\/p>\n\n\n\n<p><\/p>\n\n\n\n<blockquote class=\"wp-block-quote is-layout-flow wp-block-quote-is-layout-flow\">\n<p>De acuerdo con el Gobierno, \u201cel FFSU no cumpli\u00f3 con su finalidad\u201d y \u201csu disoluci\u00f3n permitir\u00e1 mejorar la administraci\u00f3n de los recursos p\u00fablicos asignados al acceso universal de tecnolog\u00edas, asegurando mayor transparencia y eficiencia\u201d.<\/p>\n<\/blockquote>\n\n\n\n<p><\/p>\n\n\n\n<p>Por \u00faltimo, el Prodaf hab\u00eda sido creado por el art\u00edculo 74 de la Ley N\u00b0 26.895 con el objetivo de <strong>mejorar los ingresos de peque\u00f1os y medianos productores mediante el aumento de productividad y competitividad<\/strong>, con la incorporaci\u00f3n de nuevas tecnolog\u00edas, asistencia t\u00e9cnica, capacitaci\u00f3n y facilitaci\u00f3n del acceso al cr\u00e9dito.\u00a0<\/p>\n\n\n\n<p><\/p>\n\n\n\n<p>Aqu\u00ed, <em>\u201cla Secretar\u00eda de Agricultura, Ganader\u00eda y Pesca, como Autoridad de Aplicaci\u00f3n del Programa, ha informado que el Fondo cumpli\u00f3 su prop\u00f3sito y que desde 2020 no se han registrado desembolsos, confirmando que su ejecuci\u00f3n ha finalizado, motivo por el cual se propuso su disoluci\u00f3n\u201d,<\/em> seg\u00fan Econom\u00eda.\u00a0<\/p>\n\n\n\n<p><\/p>\n\n\n\n<p><em>Fuente: DIB<\/em><\/p>\n\n\n\n<p><\/p>\n","protected":false},"excerpt":{"rendered":"<p>Son el \u201cPrograma de Desarrollo Rural y Agricultura Familiar\u201d (Prodaf), el \u201cFondo Fiduciario del Servicio Universal\u201d (FFSU) y el \u201cFondo<\/p>\n","protected":false},"author":6,"featured_media":133989,"comment_status":"closed","ping_status":"closed","sticky":false,"template":"","format":"standard","meta":{"_jetpack_memberships_contains_paid_content":false,"footnotes":""},"categories":[6,1],"tags":[],"class_list":["post-133988","post","type-post","status-publish","format-standard","has-post-thumbnail","hentry","category-nacionales","category-portada"],"jetpack_featured_media_url":"https:\/\/i0.wp.com\/cdnoticias.com\/wp-content\/uploads\/2025\/01\/Ministerio-de-Economia-696x392-1.jpg?fit=696%2C392&ssl=1","jetpack_sharing_enabled":true,"_links":{"self":[{"href":"https:\/\/cdnoticias.com\/index.php\/wp-json\/wp\/v2\/posts\/133988","targetHints":{"allow":["GET"]}}],"collection":[{"href":"https:\/\/cdnoticias.com\/index.php\/wp-json\/wp\/v2\/posts"}],"about":[{"href":"https:\/\/cdnoticias.com\/index.php\/wp-json\/wp\/v2\/types\/post"}],"author":[{"embeddable":true,"href":"https:\/\/cdnoticias.com\/index.php\/wp-json\/wp\/v2\/users\/6"}],"replies":[{"embeddable":true,"href":"https:\/\/cdnoticias.com\/index.php\/wp-json\/wp\/v2\/comments?post=133988"}],"version-history":[{"count":0,"href":"https:\/\/cdnoticias.com\/index.php\/wp-json\/wp\/v2\/posts\/133988\/revisions"}],"wp:featuredmedia":[{"embeddable":true,"href":"https:\/\/cdnoticias.com\/index.php\/wp-json\/wp\/v2\/media\/133989"}],"wp:attachment":[{"href":"https:\/\/cdnoticias.com\/index.php\/wp-json\/wp\/v2\/media?parent=133988"}],"wp:term":[{"taxonomy":"category","embeddable":true,"href":"https:\/\/cdnoticias.com\/index.php\/wp-json\/wp\/v2\/categories?post=133988"},{"taxonomy":"post_tag","embeddable":true,"href":"https:\/\/cdnoticias.com\/index.php\/wp-json\/wp\/v2\/tags?post=133988"}],"curies":[{"name":"wp","href":"https:\/\/api.w.org\/{rel}","templated":true}]}}