{"id":133982,"date":"2025-01-06T17:11:13","date_gmt":"2025-01-06T20:11:13","guid":{"rendered":"https:\/\/cdnoticias.com\/?p=133982"},"modified":"2025-01-06T17:11:25","modified_gmt":"2025-01-06T20:11:25","slug":"actividades-de-verano-para-personas-con-discapacidad","status":"publish","type":"post","link":"https:\/\/cdnoticias.com\/index.php\/2025\/01\/06\/actividades-de-verano-para-personas-con-discapacidad\/","title":{"rendered":"Actividades de verano para personas con discapacidad"},"content":{"rendered":"\n<p>Alrededor de 200 personas con discapacidad comenzaron a disfrutar no solo de actividades de pileta, sino tambi\u00e9n recreativas, saludables y de vinculaci\u00f3n social.<\/p>\n\n\n\n<hr class=\"wp-block-separator aligncenter has-alpha-channel-opacity\"\/>\n\n\n\n<p>En la ma\u00f1ana de este lunes <strong>el intendente Maximiliano Wesner visit\u00f3 la quinta del club Pueblo Nuevo<\/strong>, donde se desarrollan las acciones de verano para <strong>personas con discapacidad <\/strong>en el marco del <strong>Programa Provincial Escuelas Abiertas de Verano.\u00a0<\/strong><\/p>\n\n\n\n<p><\/p>\n\n\n\n<p>La propuesta, que se despliega gracias al acompa\u00f1amiento que se realiza desde el Municipio de Olavarr\u00eda, permite que <strong>alrededor de 200 personas con discapacidad puedan disfrutar no solo de actividades de pileta,<\/strong> sino tambi\u00e9n <strong>recreativas, saludables y de vinculaci\u00f3n social.<\/strong><\/p>\n\n\n\n<p><\/p>\n\n\n\n<figure class=\"wp-block-image aligncenter size-full\"><img data-recalc-dims=\"1\" loading=\"lazy\" decoding=\"async\" width=\"800\" height=\"470\" src=\"https:\/\/i0.wp.com\/cdnoticias.com\/wp-content\/uploads\/2025\/01\/verano-piletas-olavarria1.png?resize=800%2C470&#038;ssl=1\" alt=\"\" class=\"wp-image-133985\" srcset=\"https:\/\/i0.wp.com\/cdnoticias.com\/wp-content\/uploads\/2025\/01\/verano-piletas-olavarria1.png?w=873&amp;ssl=1 873w, https:\/\/i0.wp.com\/cdnoticias.com\/wp-content\/uploads\/2025\/01\/verano-piletas-olavarria1.png?resize=300%2C176&amp;ssl=1 300w, https:\/\/i0.wp.com\/cdnoticias.com\/wp-content\/uploads\/2025\/01\/verano-piletas-olavarria1.png?resize=768%2C451&amp;ssl=1 768w\" sizes=\"auto, (max-width: 800px) 100vw, 800px\" \/><\/figure>\n\n\n\n<p><\/p>\n\n\n\n<blockquote class=\"wp-block-quote is-layout-flow wp-block-quote-is-layout-flow\">\n<p>D\u00eda a d\u00eda, de lunes a viernes, concurren all\u00ed chicos y chicas que pertenecen a distintas instituciones de nuestra ciudad, como Talleres Protegidos, Centro de Formaci\u00f3n Integral y las Escuelas 502 y 504.\u00a0<\/p>\n<\/blockquote>\n\n\n\n<p><\/p>\n\n\n\n<p>La propuesta de manera inclusiva se despliega de manera paralela a lo que sucede en otros espejos de agua de todo el Partido, en un Programa que disfrutan m\u00e1s de mil chicos y chicas.<\/p>\n\n\n\n<p><\/p>\n\n\n\n<p>Gracias al trabajo mancomunado entre distintas \u00e1reas del Gobierno de la Provincia y el Municipio de Olavarr\u00eda cada una de las personas que concurre a las Escuelas Abiertas de Verano <strong>accede tambi\u00e9n a desayuno y almuerzo<\/strong> en cada una de las sedes que forman parte del Programa, como as\u00ed tambi\u00e9n <strong>el traslado a cada uno de los natatorios y piletas.<\/strong><\/p>\n\n\n\n<p><\/p>\n\n\n\n<figure class=\"wp-block-image aligncenter size-full\"><img data-recalc-dims=\"1\" loading=\"lazy\" decoding=\"async\" width=\"800\" height=\"443\" src=\"https:\/\/i0.wp.com\/cdnoticias.com\/wp-content\/uploads\/2025\/01\/verano-piletas-olavarria.png?resize=800%2C443&#038;ssl=1\" alt=\"\" class=\"wp-image-133986\" srcset=\"https:\/\/i0.wp.com\/cdnoticias.com\/wp-content\/uploads\/2025\/01\/verano-piletas-olavarria.png?w=891&amp;ssl=1 891w, https:\/\/i0.wp.com\/cdnoticias.com\/wp-content\/uploads\/2025\/01\/verano-piletas-olavarria.png?resize=300%2C166&amp;ssl=1 300w, https:\/\/i0.wp.com\/cdnoticias.com\/wp-content\/uploads\/2025\/01\/verano-piletas-olavarria.png?resize=768%2C425&amp;ssl=1 768w\" sizes=\"auto, (max-width: 800px) 100vw, 800px\" \/><\/figure>\n\n\n\n<p><\/p>\n\n\n\n<p>En la recorrida el jefe comunal estuvo acompa\u00f1ado por la secretar\u00eda de Desarrollo de la Comunidad Laura Gamberini, el subsecretario de Deportes Juan Pablo Arouxet y la Directora de Discapacidad y Personas Mayores, Laura Arbillaga.\u00a0Fueron recibidos por autoridades del club, profesores y docentes, como as\u00ed tambi\u00e9n alumnos y alumnas, quienes se acercaron a saludar y contar sus experiencias.<\/p>\n\n\n\n<p><\/p>\n","protected":false},"excerpt":{"rendered":"<p>Alrededor de 200 personas con discapacidad comenzaron a disfrutar no solo de actividades de pileta, sino tambi\u00e9n recreativas, saludables y<\/p>\n","protected":false},"author":6,"featured_media":133984,"comment_status":"closed","ping_status":"closed","sticky":false,"template":"","format":"standard","meta":{"_jetpack_memberships_contains_paid_content":false,"footnotes":""},"categories":[5,1],"tags":[],"class_list":["post-133982","post","type-post","status-publish","format-standard","has-post-thumbnail","hentry","category-informacion-general","category-portada"],"jetpack_featured_media_url":"https:\/\/i0.wp.com\/cdnoticias.com\/wp-content\/uploads\/2025\/01\/verano-piletas-olavarria2.png?fit=891%2C448&ssl=1","jetpack_sharing_enabled":true,"_links":{"self":[{"href":"https:\/\/cdnoticias.com\/index.php\/wp-json\/wp\/v2\/posts\/133982","targetHints":{"allow":["GET"]}}],"collection":[{"href":"https:\/\/cdnoticias.com\/index.php\/wp-json\/wp\/v2\/posts"}],"about":[{"href":"https:\/\/cdnoticias.com\/index.php\/wp-json\/wp\/v2\/types\/post"}],"author":[{"embeddable":true,"href":"https:\/\/cdnoticias.com\/index.php\/wp-json\/wp\/v2\/users\/6"}],"replies":[{"embeddable":true,"href":"https:\/\/cdnoticias.com\/index.php\/wp-json\/wp\/v2\/comments?post=133982"}],"version-history":[{"count":0,"href":"https:\/\/cdnoticias.com\/index.php\/wp-json\/wp\/v2\/posts\/133982\/revisions"}],"wp:featuredmedia":[{"embeddable":true,"href":"https:\/\/cdnoticias.com\/index.php\/wp-json\/wp\/v2\/media\/133984"}],"wp:attachment":[{"href":"https:\/\/cdnoticias.com\/index.php\/wp-json\/wp\/v2\/media?parent=133982"}],"wp:term":[{"taxonomy":"category","embeddable":true,"href":"https:\/\/cdnoticias.com\/index.php\/wp-json\/wp\/v2\/categories?post=133982"},{"taxonomy":"post_tag","embeddable":true,"href":"https:\/\/cdnoticias.com\/index.php\/wp-json\/wp\/v2\/tags?post=133982"}],"curies":[{"name":"wp","href":"https:\/\/api.w.org\/{rel}","templated":true}]}}