{"id":133961,"date":"2025-01-06T12:40:47","date_gmt":"2025-01-06T15:40:47","guid":{"rendered":"https:\/\/cdnoticias.com\/?p=133961"},"modified":"2025-01-06T16:12:20","modified_gmt":"2025-01-06T19:12:20","slug":"mas-de-30-mil-personas-participaron-de-la-fiesta-de-los-reyes-en-sierras-bayas","status":"publish","type":"post","link":"https:\/\/cdnoticias.com\/index.php\/2025\/01\/06\/mas-de-30-mil-personas-participaron-de-la-fiesta-de-los-reyes-en-sierras-bayas\/","title":{"rendered":"M\u00e1s de 30 mil personas participaron de la \u201cFiesta de Reyes\u201d en Sierras Bayas"},"content":{"rendered":"\n<p>El evento cont\u00f3 con el cierre de Los Charros. Hubo artesanos, espect\u00e1culos infantiles, el Pesebre Viviente y la tradicional bajada de los Reyes.<\/p>\n\n\n\n<hr class=\"wp-block-separator has-alpha-channel-opacity\"\/>\n\n\n\n<p>En la noche del \u00faltimo domingo Sierras Bayas fue sede una verdadera fiesta, que conjug\u00f3 la emoci\u00f3n, la fe, la ilusi\u00f3n y tambi\u00e9n el disfrute con la realizaci\u00f3n de la <strong>60\u00b0 edici\u00f3n de la Fiesta de Reyes.<\/strong><\/p>\n\n\n\n<p><\/p>\n\n\n\n<p>El evento fue organizado por la <strong>Asociaci\u00f3n Civil Fiesta Reyes Magos de la Parroquia \u201cCristo Rey\u201d, con el acompa\u00f1amiento del Municipio de Olavarr\u00eda.<\/strong> Se estim\u00f3 la participaci\u00f3n de <strong>m\u00e1s de 30 mil personas, <\/strong>que arribaron desde distintos puntos del Partido y la regi\u00f3n.<\/p>\n\n\n\n<p><\/p>\n\n\n\n<figure class=\"wp-block-image size-full\"><img data-recalc-dims=\"1\" loading=\"lazy\" decoding=\"async\" width=\"800\" height=\"445\" src=\"https:\/\/i0.wp.com\/cdnoticias.com\/wp-content\/uploads\/2025\/01\/Fiesta-de-Reyes-1.jpeg?resize=800%2C445&#038;ssl=1\" alt=\"\" class=\"wp-image-133965\" srcset=\"https:\/\/i0.wp.com\/cdnoticias.com\/wp-content\/uploads\/2025\/01\/Fiesta-de-Reyes-1.jpeg?w=800&amp;ssl=1 800w, https:\/\/i0.wp.com\/cdnoticias.com\/wp-content\/uploads\/2025\/01\/Fiesta-de-Reyes-1.jpeg?resize=300%2C167&amp;ssl=1 300w, https:\/\/i0.wp.com\/cdnoticias.com\/wp-content\/uploads\/2025\/01\/Fiesta-de-Reyes-1.jpeg?resize=768%2C427&amp;ssl=1 768w\" sizes=\"auto, (max-width: 800px) 100vw, 800px\" \/><\/figure>\n\n\n\n<p><\/p>\n\n\n\n<p>El <strong>intendente Maximiliano Wesner <\/strong>concurri\u00f3 a la localidad serrana y salud\u00f3 a las personas presentes. En la ocasi\u00f3n puso en valor el trabajo mancomunado que permiti\u00f3 llevar adelante la masiva fiesta. \u201cLa verdad que muy agradecido, poder trabajar de manera conjunta y hacer esto, que es un n\u00famero redondo, la 60 edici\u00f3n de esta fiesta tan hermosa, esta Fiesta Provincial de los Reyes Magos tanto. Veo los chicos esperando, ver sus sonrisas gratifica much\u00edsimo, trabajamos mucho para esto\u201d, enfatiz\u00f3.<\/p>\n\n\n\n<p><\/p>\n\n\n\n<p><strong>\u201cEs un trabajo de las instituciones, coordinado, para poder tener este hermoso marco de p\u00fablico ac\u00e1 en el coraz\u00f3n minero. Gracias a todos\u201d,<\/strong> concluy\u00f3 el jefe comunal, que fue acompa\u00f1ado por parte de su gabinete, entre ellos la<strong> subsecretaria de Cultura Sof\u00eda Ar\u00e9valo<\/strong>, quien tambi\u00e9n hizo uso de la palabra ante la multitud y expres\u00f3 que \u201cla verdad que estamos muy contentos con este resultado, y tambi\u00e9n agradecidos con todos por estar y por hacer posible esta fiesta\u201d.<\/p>\n\n\n\n<p><\/p>\n\n\n\n<div class=\"wp-block-jetpack-slideshow aligncenter\" data-effect=\"slide\"><div class=\"wp-block-jetpack-slideshow_container swiper-container\"><ul class=\"wp-block-jetpack-slideshow_swiper-wrapper swiper-wrapper\"><li class=\"wp-block-jetpack-slideshow_slide swiper-slide\"><figure><img data-recalc-dims=\"1\" loading=\"lazy\" decoding=\"async\" width=\"800\" height=\"445\" alt=\"\" class=\"wp-block-jetpack-slideshow_image wp-image-133973\" data-id=\"133973\" src=\"https:\/\/i0.wp.com\/cdnoticias.com\/wp-content\/uploads\/2025\/01\/Fiesta-de-Reyes-17.jpeg?resize=800%2C445&#038;ssl=1\" srcset=\"https:\/\/i0.wp.com\/cdnoticias.com\/wp-content\/uploads\/2025\/01\/Fiesta-de-Reyes-17.jpeg?w=800&amp;ssl=1 800w, https:\/\/i0.wp.com\/cdnoticias.com\/wp-content\/uploads\/2025\/01\/Fiesta-de-Reyes-17.jpeg?resize=300%2C167&amp;ssl=1 300w, https:\/\/i0.wp.com\/cdnoticias.com\/wp-content\/uploads\/2025\/01\/Fiesta-de-Reyes-17.jpeg?resize=768%2C427&amp;ssl=1 768w\" sizes=\"(max-width: 800px) 100vw, 800px\" \/><\/figure><\/li><li class=\"wp-block-jetpack-slideshow_slide swiper-slide\"><figure><img data-recalc-dims=\"1\" loading=\"lazy\" decoding=\"async\" width=\"800\" height=\"445\" alt=\"\" class=\"wp-block-jetpack-slideshow_image wp-image-133972\" data-id=\"133972\" src=\"https:\/\/i0.wp.com\/cdnoticias.com\/wp-content\/uploads\/2025\/01\/Fiesta-de-Reyes-15.jpeg?resize=800%2C445&#038;ssl=1\" srcset=\"https:\/\/i0.wp.com\/cdnoticias.com\/wp-content\/uploads\/2025\/01\/Fiesta-de-Reyes-15.jpeg?w=800&amp;ssl=1 800w, https:\/\/i0.wp.com\/cdnoticias.com\/wp-content\/uploads\/2025\/01\/Fiesta-de-Reyes-15.jpeg?resize=300%2C167&amp;ssl=1 300w, https:\/\/i0.wp.com\/cdnoticias.com\/wp-content\/uploads\/2025\/01\/Fiesta-de-Reyes-15.jpeg?resize=768%2C427&amp;ssl=1 768w\" sizes=\"(max-width: 800px) 100vw, 800px\" \/><\/figure><\/li><li class=\"wp-block-jetpack-slideshow_slide swiper-slide\"><figure><img data-recalc-dims=\"1\" loading=\"lazy\" decoding=\"async\" width=\"800\" height=\"445\" alt=\"\" class=\"wp-block-jetpack-slideshow_image wp-image-133971\" data-id=\"133971\" src=\"https:\/\/i0.wp.com\/cdnoticias.com\/wp-content\/uploads\/2025\/01\/Fiesta-de-Reyes-13.jpeg?resize=800%2C445&#038;ssl=1\" srcset=\"https:\/\/i0.wp.com\/cdnoticias.com\/wp-content\/uploads\/2025\/01\/Fiesta-de-Reyes-13.jpeg?w=800&amp;ssl=1 800w, https:\/\/i0.wp.com\/cdnoticias.com\/wp-content\/uploads\/2025\/01\/Fiesta-de-Reyes-13.jpeg?resize=300%2C167&amp;ssl=1 300w, https:\/\/i0.wp.com\/cdnoticias.com\/wp-content\/uploads\/2025\/01\/Fiesta-de-Reyes-13.jpeg?resize=768%2C427&amp;ssl=1 768w\" sizes=\"(max-width: 800px) 100vw, 800px\" \/><\/figure><\/li><li class=\"wp-block-jetpack-slideshow_slide swiper-slide\"><figure><img data-recalc-dims=\"1\" loading=\"lazy\" decoding=\"async\" width=\"800\" height=\"445\" alt=\"\" class=\"wp-block-jetpack-slideshow_image wp-image-133970\" data-id=\"133970\" src=\"https:\/\/i0.wp.com\/cdnoticias.com\/wp-content\/uploads\/2025\/01\/Fiesta-de-Reyes-12.jpeg?resize=800%2C445&#038;ssl=1\" srcset=\"https:\/\/i0.wp.com\/cdnoticias.com\/wp-content\/uploads\/2025\/01\/Fiesta-de-Reyes-12.jpeg?w=800&amp;ssl=1 800w, https:\/\/i0.wp.com\/cdnoticias.com\/wp-content\/uploads\/2025\/01\/Fiesta-de-Reyes-12.jpeg?resize=300%2C167&amp;ssl=1 300w, https:\/\/i0.wp.com\/cdnoticias.com\/wp-content\/uploads\/2025\/01\/Fiesta-de-Reyes-12.jpeg?resize=768%2C427&amp;ssl=1 768w\" sizes=\"(max-width: 800px) 100vw, 800px\" \/><\/figure><\/li><li class=\"wp-block-jetpack-slideshow_slide swiper-slide\"><figure><img data-recalc-dims=\"1\" loading=\"lazy\" decoding=\"async\" width=\"800\" height=\"445\" alt=\"\" class=\"wp-block-jetpack-slideshow_image wp-image-133969\" data-id=\"133969\" src=\"https:\/\/i0.wp.com\/cdnoticias.com\/wp-content\/uploads\/2025\/01\/Fiesta-de-Reyes-11.jpeg?resize=800%2C445&#038;ssl=1\" srcset=\"https:\/\/i0.wp.com\/cdnoticias.com\/wp-content\/uploads\/2025\/01\/Fiesta-de-Reyes-11.jpeg?w=800&amp;ssl=1 800w, https:\/\/i0.wp.com\/cdnoticias.com\/wp-content\/uploads\/2025\/01\/Fiesta-de-Reyes-11.jpeg?resize=300%2C167&amp;ssl=1 300w, https:\/\/i0.wp.com\/cdnoticias.com\/wp-content\/uploads\/2025\/01\/Fiesta-de-Reyes-11.jpeg?resize=768%2C427&amp;ssl=1 768w\" sizes=\"(max-width: 800px) 100vw, 800px\" \/><\/figure><\/li><li class=\"wp-block-jetpack-slideshow_slide swiper-slide\"><figure><img data-recalc-dims=\"1\" loading=\"lazy\" decoding=\"async\" width=\"800\" height=\"445\" alt=\"\" class=\"wp-block-jetpack-slideshow_image wp-image-133968\" data-id=\"133968\" src=\"https:\/\/i0.wp.com\/cdnoticias.com\/wp-content\/uploads\/2025\/01\/Fiesta-de-Reyes-9.jpeg?resize=800%2C445&#038;ssl=1\" srcset=\"https:\/\/i0.wp.com\/cdnoticias.com\/wp-content\/uploads\/2025\/01\/Fiesta-de-Reyes-9.jpeg?w=800&amp;ssl=1 800w, https:\/\/i0.wp.com\/cdnoticias.com\/wp-content\/uploads\/2025\/01\/Fiesta-de-Reyes-9.jpeg?resize=300%2C167&amp;ssl=1 300w, https:\/\/i0.wp.com\/cdnoticias.com\/wp-content\/uploads\/2025\/01\/Fiesta-de-Reyes-9.jpeg?resize=768%2C427&amp;ssl=1 768w\" sizes=\"(max-width: 800px) 100vw, 800px\" \/><\/figure><\/li><li class=\"wp-block-jetpack-slideshow_slide swiper-slide\"><figure><img data-recalc-dims=\"1\" loading=\"lazy\" decoding=\"async\" width=\"800\" height=\"445\" alt=\"\" class=\"wp-block-jetpack-slideshow_image wp-image-133967\" data-id=\"133967\" src=\"https:\/\/i0.wp.com\/cdnoticias.com\/wp-content\/uploads\/2025\/01\/Fiesta-de-Reyes-8.jpeg?resize=800%2C445&#038;ssl=1\" srcset=\"https:\/\/i0.wp.com\/cdnoticias.com\/wp-content\/uploads\/2025\/01\/Fiesta-de-Reyes-8.jpeg?w=800&amp;ssl=1 800w, https:\/\/i0.wp.com\/cdnoticias.com\/wp-content\/uploads\/2025\/01\/Fiesta-de-Reyes-8.jpeg?resize=300%2C167&amp;ssl=1 300w, https:\/\/i0.wp.com\/cdnoticias.com\/wp-content\/uploads\/2025\/01\/Fiesta-de-Reyes-8.jpeg?resize=768%2C427&amp;ssl=1 768w\" sizes=\"(max-width: 800px) 100vw, 800px\" \/><\/figure><\/li><\/ul><a class=\"wp-block-jetpack-slideshow_button-prev swiper-button-prev swiper-button-white\" role=\"button\"><\/a><a class=\"wp-block-jetpack-slideshow_button-next swiper-button-next swiper-button-white\" role=\"button\"><\/a><a aria-label=\"Pause Slideshow\" class=\"wp-block-jetpack-slideshow_button-pause\" role=\"button\"><\/a><div class=\"wp-block-jetpack-slideshow_pagination swiper-pagination swiper-pagination-white\"><\/div><\/div><\/div>\n\n\n\n<p><\/p>\n\n\n\n<p>La actividad cont\u00f3 adem\u00e1s con la presencia del delegado Municipal de Sierras Bayas, Alejandro Pereyra, funcionarios municipales y referentes institucionales de todo el Partido.<\/p>\n\n\n\n<p><\/p>\n\n\n\n<figure class=\"wp-block-image size-full\"><img data-recalc-dims=\"1\" loading=\"lazy\" decoding=\"async\" width=\"800\" height=\"445\" src=\"https:\/\/i0.wp.com\/cdnoticias.com\/wp-content\/uploads\/2025\/01\/Fiesta-de-Reyes-2.jpeg?resize=800%2C445&#038;ssl=1\" alt=\"\" class=\"wp-image-133966\" srcset=\"https:\/\/i0.wp.com\/cdnoticias.com\/wp-content\/uploads\/2025\/01\/Fiesta-de-Reyes-2.jpeg?w=800&amp;ssl=1 800w, https:\/\/i0.wp.com\/cdnoticias.com\/wp-content\/uploads\/2025\/01\/Fiesta-de-Reyes-2.jpeg?resize=300%2C167&amp;ssl=1 300w, https:\/\/i0.wp.com\/cdnoticias.com\/wp-content\/uploads\/2025\/01\/Fiesta-de-Reyes-2.jpeg?resize=768%2C427&amp;ssl=1 768w\" sizes=\"auto, (max-width: 800px) 100vw, 800px\" \/><\/figure>\n\n\n\n<p><\/p>\n\n\n\n<p>La Fiesta Provincial de Reyes se inici\u00f3 en horas de la tarde, con la habilitaci\u00f3n de los puestos de artesan\u00eda y comidas, pero con una programaci\u00f3n que incluy\u00f3 adem\u00e1s un espect\u00e1culo infantil y el pesebre viviente, como antesala al momento m\u00e1s esperado, la baja de los Reyes Magos y la entrega de los regalos. El cierre estuvo a cargo de la reconocida banda<strong> Los Charros.<\/strong><\/p>\n","protected":false},"excerpt":{"rendered":"<p>El evento cont\u00f3 con el cierre de Los Charros. Hubo artesanos, espect\u00e1culos infantiles, el Pesebre Viviente y la tradicional bajada<\/p>\n","protected":false},"author":5,"featured_media":133974,"comment_status":"closed","ping_status":"closed","sticky":false,"template":"","format":"standard","meta":{"_jetpack_memberships_contains_paid_content":false,"footnotes":""},"categories":[9,1],"tags":[],"class_list":["post-133961","post","type-post","status-publish","format-standard","has-post-thumbnail","hentry","category-cultura","category-portada"],"jetpack_featured_media_url":"https:\/\/i0.wp.com\/cdnoticias.com\/wp-content\/uploads\/2025\/01\/Fiesta-de-Reyes-18.jpeg?fit=800%2C445&ssl=1","jetpack_sharing_enabled":true,"_links":{"self":[{"href":"https:\/\/cdnoticias.com\/index.php\/wp-json\/wp\/v2\/posts\/133961","targetHints":{"allow":["GET"]}}],"collection":[{"href":"https:\/\/cdnoticias.com\/index.php\/wp-json\/wp\/v2\/posts"}],"about":[{"href":"https:\/\/cdnoticias.com\/index.php\/wp-json\/wp\/v2\/types\/post"}],"author":[{"embeddable":true,"href":"https:\/\/cdnoticias.com\/index.php\/wp-json\/wp\/v2\/users\/5"}],"replies":[{"embeddable":true,"href":"https:\/\/cdnoticias.com\/index.php\/wp-json\/wp\/v2\/comments?post=133961"}],"version-history":[{"count":0,"href":"https:\/\/cdnoticias.com\/index.php\/wp-json\/wp\/v2\/posts\/133961\/revisions"}],"wp:featuredmedia":[{"embeddable":true,"href":"https:\/\/cdnoticias.com\/index.php\/wp-json\/wp\/v2\/media\/133974"}],"wp:attachment":[{"href":"https:\/\/cdnoticias.com\/index.php\/wp-json\/wp\/v2\/media?parent=133961"}],"wp:term":[{"taxonomy":"category","embeddable":true,"href":"https:\/\/cdnoticias.com\/index.php\/wp-json\/wp\/v2\/categories?post=133961"},{"taxonomy":"post_tag","embeddable":true,"href":"https:\/\/cdnoticias.com\/index.php\/wp-json\/wp\/v2\/tags?post=133961"}],"curies":[{"name":"wp","href":"https:\/\/api.w.org\/{rel}","templated":true}]}}