{"id":13391,"date":"2021-02-10T08:23:07","date_gmt":"2021-02-10T11:23:07","guid":{"rendered":"http:\/\/www.centraldenoticias.com.ar\/?p=13391"},"modified":"2021-02-10T10:44:31","modified_gmt":"2021-02-10T13:44:31","slug":"conversatorio-sobre-masculinidades-los-mitos-del-amor-romantico","status":"publish","type":"post","link":"https:\/\/cdnoticias.com\/index.php\/2021\/02\/10\/conversatorio-sobre-masculinidades-los-mitos-del-amor-romantico\/","title":{"rendered":"Conversatorio sobre masculinidades: los mitos del amor rom\u00e1ntico"},"content":{"rendered":"<p>La actividad ser\u00e1 este mi\u00e9rcoles a las 19:00 en la subsecretar\u00eda de Derechos, Igualdad y Oportunidades ubicada en Alsina 4180. Proponen hablar sobre los v\u00ednculos y la responsabilidad afectiva.<!--more--><\/p>\n<hr \/>\n<p>Este mi\u00e9rcoles 10 de febrero el \u00e1rea de G\u00e9neros y Masculinidades de la direcci\u00f3n municipal de Pol\u00edticas de G\u00e9nero, llevar\u00e1 a cabo un <strong>conversatorio sobre Masculinidades.<\/strong><\/p>\n<p>&nbsp;<\/p>\n<p>El encuentro se realizar\u00e1 <strong>desde las 19:00 en la sede de la subsecretar\u00eda de Derechos, Igualdad y Oportunidades, en Alsina 4180.<\/strong> El taller ser\u00e1 presencial, gratuito y busca que todos <strong>aquellos varones interesados en participar puedan repensar las masculinidades<\/strong> y sus v\u00ednculos, conocidos y por conocer.<\/p>\n<p>&nbsp;<\/p>\n<p><strong>Lucas Reynals<\/strong>, integrante del equipo de operadores del \u00e1rea de G\u00e9neros y Masculinidades perteneciente a la direcci\u00f3n de Pol\u00edticas de G\u00e9nero, habl\u00f3 sobre el objetivo del encuentro <strong>de cara al 14 de febrero.<\/strong><\/p>\n<p>&nbsp;<\/p>\n<p><em>\u201cEn esta oportunidad nos tocar\u00e1 hablar de responsabilidades afectivas, de nuestras masculinidades y los modos de relacionarnos sexo-afectivamente\u201d<\/em>, indic\u00f3 Reynals y resalt\u00f3 las caracter\u00edsticas de una <strong>fecha construida entorno a v\u00ednculos heredados<\/strong> desde la institucionalidad patriarcal.<\/p>\n<p>&nbsp;<\/p>\n<p><strong><em>\u201cRomantizaci\u00f3n de las asimetr\u00edas, desigualdades y criterios que giran \u00fanicamente sobre lo monog\u00e1mico\u201d<\/em><\/strong> son algunos de los conceptos sobre los que se construye la idea de celebrar el 14 de febrero como &#8220;d\u00eda del amor&#8221;.<\/p>\n<p>&nbsp;<\/p>\n<p>La propuesta forma parte del ciclo de talleres psico- socio- educativo culturales del \u00e1rea. Con este tipo de actividades se busca <strong>posibilitar instancias de reflexi\u00f3n y sensibilizaci\u00f3n,<\/strong> para repensar las relaciones y sus sentires, para problematizar interacciones y h\u00e1bitos con la intenci\u00f3n de proyectar, construir y consolidar una sociedad que se vincule con horizontes m\u00e1s equitativos, libres de violencias.<\/p>\n<p>&nbsp;<\/p>\n<p>Aquellos que deseen formar parte de este Conversatorio pueden acercarse directamente o bien contactarse a generomasculinidades@olavarria.gov.ar, para informaci\u00f3n y consultas.<\/p>\n","protected":false},"excerpt":{"rendered":"<p>La actividad ser\u00e1 este mi\u00e9rcoles a las 19:00 en la subsecretar\u00eda de Derechos, Igualdad y Oportunidades ubicada en Alsina 4180.<\/p>\n","protected":false},"author":5,"featured_media":13392,"comment_status":"closed","ping_status":"closed","sticky":false,"template":"","format":"standard","meta":{"_jetpack_memberships_contains_paid_content":false,"footnotes":""},"categories":[3,1],"tags":[],"class_list":["post-13391","post","type-post","status-publish","format-standard","has-post-thumbnail","hentry","category-genero","category-portada"],"jetpack_featured_media_url":"https:\/\/i0.wp.com\/cdnoticias.com\/wp-content\/uploads\/2021\/02\/125922977_166745948427558_2102517919890500583_o-1.jpg?fit=2048%2C2048&ssl=1","jetpack_sharing_enabled":true,"_links":{"self":[{"href":"https:\/\/cdnoticias.com\/index.php\/wp-json\/wp\/v2\/posts\/13391","targetHints":{"allow":["GET"]}}],"collection":[{"href":"https:\/\/cdnoticias.com\/index.php\/wp-json\/wp\/v2\/posts"}],"about":[{"href":"https:\/\/cdnoticias.com\/index.php\/wp-json\/wp\/v2\/types\/post"}],"author":[{"embeddable":true,"href":"https:\/\/cdnoticias.com\/index.php\/wp-json\/wp\/v2\/users\/5"}],"replies":[{"embeddable":true,"href":"https:\/\/cdnoticias.com\/index.php\/wp-json\/wp\/v2\/comments?post=13391"}],"version-history":[{"count":0,"href":"https:\/\/cdnoticias.com\/index.php\/wp-json\/wp\/v2\/posts\/13391\/revisions"}],"wp:featuredmedia":[{"embeddable":true,"href":"https:\/\/cdnoticias.com\/index.php\/wp-json\/wp\/v2\/media\/13392"}],"wp:attachment":[{"href":"https:\/\/cdnoticias.com\/index.php\/wp-json\/wp\/v2\/media?parent=13391"}],"wp:term":[{"taxonomy":"category","embeddable":true,"href":"https:\/\/cdnoticias.com\/index.php\/wp-json\/wp\/v2\/categories?post=13391"},{"taxonomy":"post_tag","embeddable":true,"href":"https:\/\/cdnoticias.com\/index.php\/wp-json\/wp\/v2\/tags?post=13391"}],"curies":[{"name":"wp","href":"https:\/\/api.w.org\/{rel}","templated":true}]}}