{"id":133902,"date":"2025-01-05T10:43:11","date_gmt":"2025-01-05T13:43:11","guid":{"rendered":"https:\/\/cdnoticias.com\/?p=133902"},"modified":"2025-01-05T17:50:35","modified_gmt":"2025-01-05T20:50:35","slug":"sube-la-temperatura-como-estaran-los-proximos-dias-en-olavarria","status":"publish","type":"post","link":"https:\/\/cdnoticias.com\/index.php\/2025\/01\/05\/sube-la-temperatura-como-estaran-los-proximos-dias-en-olavarria\/","title":{"rendered":"Sube la temperatura: c\u00f3mo estar\u00e1n los pr\u00f3ximos d\u00edas en Olavarr\u00eda"},"content":{"rendered":"\n<p>Este domingo amaneci\u00f3 con algunos chaparrones y la m\u00e1xima est\u00e1 prevista en 28\u00b0. Sin embargo, los registros previstos para las pr\u00f3ximas jornadas superan los 30\u00b0.<\/p>\n\n\n\n<hr class=\"wp-block-separator has-alpha-channel-opacity\"\/>\n\n\n\n<p>Olavarr\u00eda se prepara para d\u00edas con temperaturas m\u00e1s altas a las registradas en el inicio de este 2025.<\/p>\n\n\n\n<p><\/p>\n\n\n\n<p>Seg\u00fan indica el Servicio Meteorol\u00f3gico Nacional (SMN) <strong>habr\u00e1 jornadas m\u00e1s c\u00e1lidas y con la posibilidad de tormentas aisladas<\/strong> m\u00e1s cercanas al pr\u00f3ximo fin de semana.<\/p>\n\n\n\n<p><\/p>\n\n\n\n<p>Los inicios de la ma\u00f1ana de este domingo estuvieron marcados por algunos <strong>chaparrones. <\/strong>Seg\u00fan el registro de la hora 9:00 de la estaci\u00f3n meteorol\u00f3gica local, la lluvia ca\u00edda fue de apenas<strong> 0.1 mil\u00edmetro.<\/strong> La temperatura m\u00ednima se registr\u00f3 a las 4:20 yt fue de 11.6\u00b0.<\/p>\n\n\n\n<p><\/p>\n\n\n\n<p>En tanto, el cielo permanece mayormente nublado y <strong>se espera para la tarde de este domingo que la temperatura m\u00e1xima se ubique en los 28\u00b0.<\/strong><\/p>\n\n\n\n<p><\/p>\n\n\n\n<p>Por otra parte, el <strong>lunes <\/strong>se presentar\u00e1 con cielo parcialmente nublado, una m\u00ednima de 15\u00b0 y una m\u00e1xima de 30\u00b0. El <strong>martes<\/strong>, el SMN anticipa cielo mayormente nublado, una m\u00ednima de 20\u00b0 y una temperatura m\u00e1s c\u00e1lida que las anteriores: 33\u00b0 de m\u00e1xima.<\/p>\n\n\n\n<p><\/p>\n\n\n\n<p>El mi\u00e9rcoles, la temperatura m\u00e1xima se ubicar\u00e1 en los 32\u00b0 y<strong> el jueves trepar\u00e1 hasta los 35\u00b0<\/strong>, con la posibilidad de tormentas aisladas por la noche.<\/p>\n\n\n\n<p><\/p>\n\n\n\n<figure class=\"wp-block-image size-full\"><img data-recalc-dims=\"1\" loading=\"lazy\" decoding=\"async\" width=\"610\" height=\"303\" src=\"https:\/\/i0.wp.com\/cdnoticias.com\/wp-content\/uploads\/2025\/01\/image.png?resize=610%2C303&#038;ssl=1\" alt=\"\" class=\"wp-image-133903\" srcset=\"https:\/\/i0.wp.com\/cdnoticias.com\/wp-content\/uploads\/2025\/01\/image.png?w=610&amp;ssl=1 610w, https:\/\/i0.wp.com\/cdnoticias.com\/wp-content\/uploads\/2025\/01\/image.png?resize=300%2C149&amp;ssl=1 300w\" sizes=\"auto, (max-width: 610px) 100vw, 610px\" \/><\/figure>\n","protected":false},"excerpt":{"rendered":"<p>Este domingo amaneci\u00f3 con algunos chaparrones y la m\u00e1xima est\u00e1 prevista en 28\u00b0. Sin embargo, los registros previstos para las<\/p>\n","protected":false},"author":5,"featured_media":549,"comment_status":"closed","ping_status":"closed","sticky":false,"template":"","format":"standard","meta":{"_jetpack_memberships_contains_paid_content":false,"footnotes":""},"categories":[5,1],"tags":[],"class_list":["post-133902","post","type-post","status-publish","format-standard","has-post-thumbnail","hentry","category-informacion-general","category-portada"],"jetpack_featured_media_url":"https:\/\/i0.wp.com\/cdnoticias.com\/wp-content\/uploads\/2020\/09\/parquerecreativo.jpg?fit=3864%2C2436&ssl=1","jetpack_sharing_enabled":true,"_links":{"self":[{"href":"https:\/\/cdnoticias.com\/index.php\/wp-json\/wp\/v2\/posts\/133902","targetHints":{"allow":["GET"]}}],"collection":[{"href":"https:\/\/cdnoticias.com\/index.php\/wp-json\/wp\/v2\/posts"}],"about":[{"href":"https:\/\/cdnoticias.com\/index.php\/wp-json\/wp\/v2\/types\/post"}],"author":[{"embeddable":true,"href":"https:\/\/cdnoticias.com\/index.php\/wp-json\/wp\/v2\/users\/5"}],"replies":[{"embeddable":true,"href":"https:\/\/cdnoticias.com\/index.php\/wp-json\/wp\/v2\/comments?post=133902"}],"version-history":[{"count":0,"href":"https:\/\/cdnoticias.com\/index.php\/wp-json\/wp\/v2\/posts\/133902\/revisions"}],"wp:featuredmedia":[{"embeddable":true,"href":"https:\/\/cdnoticias.com\/index.php\/wp-json\/wp\/v2\/media\/549"}],"wp:attachment":[{"href":"https:\/\/cdnoticias.com\/index.php\/wp-json\/wp\/v2\/media?parent=133902"}],"wp:term":[{"taxonomy":"category","embeddable":true,"href":"https:\/\/cdnoticias.com\/index.php\/wp-json\/wp\/v2\/categories?post=133902"},{"taxonomy":"post_tag","embeddable":true,"href":"https:\/\/cdnoticias.com\/index.php\/wp-json\/wp\/v2\/tags?post=133902"}],"curies":[{"name":"wp","href":"https:\/\/api.w.org\/{rel}","templated":true}]}}