{"id":133899,"date":"2025-01-05T10:07:41","date_gmt":"2025-01-05T13:07:41","guid":{"rendered":"https:\/\/cdnoticias.com\/?p=133899"},"modified":"2025-01-05T11:32:54","modified_gmt":"2025-01-05T14:32:54","slug":"las-ventas-minoristas-pyme-subieron-177-interanual-en-diciembre","status":"publish","type":"post","link":"https:\/\/cdnoticias.com\/index.php\/2025\/01\/05\/las-ventas-minoristas-pyme-subieron-177-interanual-en-diciembre\/","title":{"rendered":"Las ventas minoristas pyme subieron 17,7% interanual en diciembre"},"content":{"rendered":"\n<p>Sin embargo, 2024 acumul\u00f3 un descenso de 10% frente a 2023. Solo el sector Textil e Indumentaria cerr\u00f3 con un 2,9% de aumento.<\/p>\n\n\n\n<hr class=\"wp-block-separator has-alpha-channel-opacity\"\/>\n\n\n\n<p>Las ventas minoristas pymes<strong> subieron 17,7% interanual en diciembre<\/strong> \u2013a precios constantes, contra la ca\u00edda del 13,7% de diciembre de 2023\u2013 y 4,2% en la comparaci\u00f3n intermensual desestacionalizada. <strong>De todos modos, 2024 acumul\u00f3 un descenso de 10% frente a 2023, con 10 meses en bajas interanuales y dos en alza (octubre y diciembre).<\/strong> S\u00f3lo un sector, <strong>Textil e indumentaria<\/strong>, escap\u00f3 a la tendencia negativa del a\u00f1o, cerrando con un aumento de 2,9%.<\/p>\n\n\n\n<p><\/p>\n\n\n\n<p>El <strong>movimiento comercial de diciembre fue muy intenso <\/strong>y se mantuvo constante a lo largo de todo el mes. Incluso post Navidad las ventas continuaron con fuerza. Empresarios consultados se\u00f1alaron que este a\u00f1o el clima navide\u00f1o se extendi\u00f3 hasta fin de mes, lo que explica los resultados de diciembre muy por encima a los obtenidos para las ventas de Navidad. Tambi\u00e9n fueron de mucho apoyo las opciones de <strong>financiamiento bancario.<\/strong><\/p>\n\n\n\n<p><\/p>\n\n\n\n<p>As\u00ed surge del<strong> \u00cdndice de Ventas Minoristas Pymes de la Confederaci\u00f3n Argentina de la en Mediana Empresa (CAME)<\/strong>, elaborado en base a un relevamiento mensual entre 1.262 comercios minoristas del pa\u00eds, realizado entre el 2 y el 3 de enero de 2025.<\/p>\n\n\n\n<p><\/p>\n\n\n\n<p><strong>An\u00e1lisis sectorial<\/strong><\/p>\n\n\n\n<p><\/p>\n\n\n\n<p>En diciembre, los siete rubros relevados registraron subas interanuales en sus ventas. El mayor incremento se detect\u00f3 en<strong> Bazar, decoraci\u00f3n, textiles de hogar y muebles (+23,4%),<\/strong> seguido por <strong>Alimentos y bebidas (+21,2%),<\/strong> <strong>Calzado y marroquiner\u00eda (+19,6%)<\/strong> y <strong>Textil e indumentaria (+18,9%).<\/strong><\/p>\n\n\n\n<p><\/p>\n\n\n\n<p>En el acumulado del a\u00f1o, <strong>la mayor baja la tuvieron las Perfumer\u00edas (-24,5%) y Farmacias (-19,9%).<\/strong> T<strong>extil e indumentaria<\/strong> fue el \u00fanico rubro en alza (+2,9%).<\/p>\n\n\n\n<p><\/p>\n\n\n\n<figure class=\"wp-block-image size-full\"><img data-recalc-dims=\"1\" loading=\"lazy\" decoding=\"async\" width=\"800\" height=\"656\" src=\"https:\/\/i0.wp.com\/cdnoticias.com\/wp-content\/uploads\/2025\/01\/unnamed-3-1.png?resize=800%2C656&#038;ssl=1\" alt=\"\" class=\"wp-image-133900\" srcset=\"https:\/\/i0.wp.com\/cdnoticias.com\/wp-content\/uploads\/2025\/01\/unnamed-3-1.png?w=800&amp;ssl=1 800w, https:\/\/i0.wp.com\/cdnoticias.com\/wp-content\/uploads\/2025\/01\/unnamed-3-1.png?resize=300%2C246&amp;ssl=1 300w, https:\/\/i0.wp.com\/cdnoticias.com\/wp-content\/uploads\/2025\/01\/unnamed-3-1.png?resize=768%2C630&amp;ssl=1 768w\" sizes=\"auto, (max-width: 800px) 100vw, 800px\" \/><\/figure>\n","protected":false},"excerpt":{"rendered":"<p>Sin embargo, 2024 acumul\u00f3 un descenso de 10% frente a 2023. Solo el sector Textil e Indumentaria cerr\u00f3 con un<\/p>\n","protected":false},"author":5,"featured_media":133236,"comment_status":"closed","ping_status":"closed","sticky":false,"template":"","format":"standard","meta":{"_jetpack_memberships_contains_paid_content":false,"footnotes":""},"categories":[6,1],"tags":[],"class_list":["post-133899","post","type-post","status-publish","format-standard","has-post-thumbnail","hentry","category-nacionales","category-portada"],"jetpack_featured_media_url":"https:\/\/i0.wp.com\/cdnoticias.com\/wp-content\/uploads\/2024\/12\/comercios-ventas-03.jpg?fit=800%2C445&ssl=1","jetpack_sharing_enabled":true,"_links":{"self":[{"href":"https:\/\/cdnoticias.com\/index.php\/wp-json\/wp\/v2\/posts\/133899","targetHints":{"allow":["GET"]}}],"collection":[{"href":"https:\/\/cdnoticias.com\/index.php\/wp-json\/wp\/v2\/posts"}],"about":[{"href":"https:\/\/cdnoticias.com\/index.php\/wp-json\/wp\/v2\/types\/post"}],"author":[{"embeddable":true,"href":"https:\/\/cdnoticias.com\/index.php\/wp-json\/wp\/v2\/users\/5"}],"replies":[{"embeddable":true,"href":"https:\/\/cdnoticias.com\/index.php\/wp-json\/wp\/v2\/comments?post=133899"}],"version-history":[{"count":0,"href":"https:\/\/cdnoticias.com\/index.php\/wp-json\/wp\/v2\/posts\/133899\/revisions"}],"wp:featuredmedia":[{"embeddable":true,"href":"https:\/\/cdnoticias.com\/index.php\/wp-json\/wp\/v2\/media\/133236"}],"wp:attachment":[{"href":"https:\/\/cdnoticias.com\/index.php\/wp-json\/wp\/v2\/media?parent=133899"}],"wp:term":[{"taxonomy":"category","embeddable":true,"href":"https:\/\/cdnoticias.com\/index.php\/wp-json\/wp\/v2\/categories?post=133899"},{"taxonomy":"post_tag","embeddable":true,"href":"https:\/\/cdnoticias.com\/index.php\/wp-json\/wp\/v2\/tags?post=133899"}],"curies":[{"name":"wp","href":"https:\/\/api.w.org\/{rel}","templated":true}]}}