{"id":133896,"date":"2025-01-05T08:09:47","date_gmt":"2025-01-05T11:09:47","guid":{"rendered":"https:\/\/cdnoticias.com\/?p=133896"},"modified":"2025-01-05T08:09:48","modified_gmt":"2025-01-05T11:09:48","slug":"record-de-turistas-argentinos-en-punta-del-este","status":"publish","type":"post","link":"https:\/\/cdnoticias.com\/index.php\/2025\/01\/05\/record-de-turistas-argentinos-en-punta-del-este\/","title":{"rendered":"R\u00e9cord de turistas argentinos en Punta del Este"},"content":{"rendered":"\n<p>Hasta ahora los argentinos representan m\u00e1s de la mitad de los visitantes que ha recibido Uruguay en la temporada.<\/p>\n\n\n\n<hr class=\"wp-block-separator has-alpha-channel-opacity\"\/>\n\n\n\n<p>Uruguay recibi\u00f3 un n\u00famero r\u00e9cord de turistas argentinos en lo que va de la temporada de verano. Hay regreso masivo de argentinos, que representa m\u00e1s de la mitad que los visitantes, muchos de ellos rumbo a Punta del Este.<strong> Desde nuestro pa\u00eds viajaron, s\u00f3lo en la segunda quincena de diciembre, m\u00e1s 160 mil personas, un 25% m\u00e1s que un a\u00f1o atr\u00e1s.<\/strong><\/p>\n\n\n\n<p><\/p>\n\n\n\n<p>Entre el 20 de diciembre y el 1\u00ba de enero ingresaron un n\u00famero considerable de turistas a Uruguay.<strong> La Direcci\u00f3n Nacional de Migraci\u00f3n de ese pa\u00eds registr\u00f3 308.893, de los cu\u00e1les los argentinos fueron 163.052 argentinos, es decir m\u00e1s del 52%.<\/strong> Comparado con el mismo per\u00edodo del a\u00f1o anterior, el n\u00famero hab\u00eda superado los 130 mil.<\/p>\n\n\n\n<p><\/p>\n\n\n\n<p>Otros datos que muestran el volumen de turistas son los transportes. <strong>Tanto embarcaciones como vuelos privados han tenido un ritmo importante.<\/strong> Desde navidad, el puerto de Punta del Este se encuentra ocupado en su totalidad. En cuanto a los vuelos privados, en diciembre hubo 770, 350 en la \u00faltima semana. De ese total, el 75% proven\u00edan desde Argentina, seg\u00fan datos publicados por Infobae.<\/p>\n\n\n\n<p><\/p>\n\n\n\n<p><strong>IVA cero para turistas en la temporada<\/strong><\/p>\n\n\n\n<p><\/p>\n\n\n\n<p>El gobierno del Luis Lacalle Pou resolvi\u00f3 en octubre pasado otorgar a los visitantes durante la temporada de verano el beneficio del<strong> IVA cero en determinados rubros<\/strong>, en el marco de las medidas que tienen como objetivo de atraer m\u00e1s personas a Uruguay y fortalecer el turismo receptivo.<\/p>\n\n\n\n<p><\/p>\n\n\n\n<p>El decreto, que lleva la firma del presidente Luis Lacalle Pou, establece que<strong> la medida regir\u00e1 entre el 15 de noviembre y el 30 de abril de 2025 para personas f\u00edsicas no residentes en territorio nacional.<\/strong><\/p>\n\n\n\n<p><\/p>\n\n\n\n<p>La iniciativa abarca a las <strong>compras mediante tarjetas de d\u00e9bito o cr\u00e9dito emitidas en el exterior, as\u00ed como transferencias electr\u00f3nicas con fondos provenientes de otros pa\u00edses<\/strong>, siempre y cuando intervenga un adquirente o una entidad de cobranza residente en territorio nacional.<\/p>\n\n\n\n<p><\/p>\n\n\n\n<p>Esta exoneraci\u00f3n total del impuesto se da en servicios que hoy tributan un 13% por IVA, como <strong>servicios gastron\u00f3micos prestados por restaurantes, bares, cantinas, confiter\u00edas, salones de t\u00e9 y similares.<\/strong><\/p>\n\n\n\n<p><br><em>Fuente: \u00c1mbito Financiero.<\/em><\/p>\n","protected":false},"excerpt":{"rendered":"<p>Hasta ahora los argentinos representan m\u00e1s de la mitad de los visitantes que ha recibido Uruguay en la temporada. Uruguay<\/p>\n","protected":false},"author":5,"featured_media":133897,"comment_status":"closed","ping_status":"closed","sticky":false,"template":"","format":"standard","meta":{"_jetpack_memberships_contains_paid_content":false,"footnotes":""},"categories":[6,1],"tags":[],"class_list":["post-133896","post","type-post","status-publish","format-standard","has-post-thumbnail","hentry","category-nacionales","category-portada"],"jetpack_featured_media_url":"https:\/\/i0.wp.com\/cdnoticias.com\/wp-content\/uploads\/2025\/01\/punta-del-este-ambito.jpg?fit=800%2C446&ssl=1","jetpack_sharing_enabled":true,"_links":{"self":[{"href":"https:\/\/cdnoticias.com\/index.php\/wp-json\/wp\/v2\/posts\/133896","targetHints":{"allow":["GET"]}}],"collection":[{"href":"https:\/\/cdnoticias.com\/index.php\/wp-json\/wp\/v2\/posts"}],"about":[{"href":"https:\/\/cdnoticias.com\/index.php\/wp-json\/wp\/v2\/types\/post"}],"author":[{"embeddable":true,"href":"https:\/\/cdnoticias.com\/index.php\/wp-json\/wp\/v2\/users\/5"}],"replies":[{"embeddable":true,"href":"https:\/\/cdnoticias.com\/index.php\/wp-json\/wp\/v2\/comments?post=133896"}],"version-history":[{"count":0,"href":"https:\/\/cdnoticias.com\/index.php\/wp-json\/wp\/v2\/posts\/133896\/revisions"}],"wp:featuredmedia":[{"embeddable":true,"href":"https:\/\/cdnoticias.com\/index.php\/wp-json\/wp\/v2\/media\/133897"}],"wp:attachment":[{"href":"https:\/\/cdnoticias.com\/index.php\/wp-json\/wp\/v2\/media?parent=133896"}],"wp:term":[{"taxonomy":"category","embeddable":true,"href":"https:\/\/cdnoticias.com\/index.php\/wp-json\/wp\/v2\/categories?post=133896"},{"taxonomy":"post_tag","embeddable":true,"href":"https:\/\/cdnoticias.com\/index.php\/wp-json\/wp\/v2\/tags?post=133896"}],"curies":[{"name":"wp","href":"https:\/\/api.w.org\/{rel}","templated":true}]}}