{"id":133881,"date":"2025-01-04T17:41:09","date_gmt":"2025-01-04T20:41:09","guid":{"rendered":"https:\/\/cdnoticias.com\/?p=133881"},"modified":"2025-01-04T17:41:10","modified_gmt":"2025-01-04T20:41:10","slug":"finalizan-varios-noticieros-locales-en-la-provincia-somos-azul-continuara-por-ahora","status":"publish","type":"post","link":"https:\/\/cdnoticias.com\/index.php\/2025\/01\/04\/finalizan-varios-noticieros-locales-en-la-provincia-somos-azul-continuara-por-ahora\/","title":{"rendered":"Finalizan varios noticieros locales en la Provincia: Somos Azul continuar\u00e1 por ahora"},"content":{"rendered":"\n<p>La decisi\u00f3n de Cablevisi\u00f3n-Flow perjudic\u00f3 al derecho de comunicaci\u00f3n de las comunidades de varios puntos de la Provincia. El m\u00e1s cercano, el de Laprida. El noticiero de Azul se emite en Olavarr\u00eda.<\/p>\n\n\n\n<hr class=\"wp-block-separator aligncenter has-alpha-channel-opacity\"\/>\n\n\n\n<p><strong>CableVisi\u00f3n-Flow ha decidido poner fin a la emisi\u00f3n de varios noticieros locales en la provincia de Buenos Aires<\/strong>, incluyendo el de Trenque Lauquen, que se despidi\u00f3 esta semana tras casi 33 a\u00f1os al aire. <strong>Por ahora, el de Azul \u2013que se emite en Olavarr\u00eda tras el cierre de Canal Local, propiedad de El Popular Medios- contin\u00faa al aire, seg\u00fan inform\u00f3 Diario El Tiempo.<\/strong><\/p>\n\n\n\n<p>Esta medida se suma a las recientes cancelaciones en ciudades como <strong>Pehuaj\u00f3, Laprida, Coronel Su\u00e1rez, Ayacucho, Balcarce y 9 de Julio,<\/strong> afectando as\u00ed a diversos medios que eran considerados fundamentales en sus respectivas comunidades.<\/p>\n\n\n\n<p><strong>El noticiero de Trenque Lauquen, conocido como &#8220;Somos Noticias Trenque Lauquen&#8221;, tuvo su \u00faltima emisi\u00f3n este lunes al mediod\u00eda, cerrando un ciclo que comenz\u00f3 en 1992 bajo el nombre de &#8220;Trenque Lauquen Hoy&#8221;<\/strong> en el Canal 4 de Tim\u00f3n Cable TV. A lo largo de los a\u00f1os, el programa fue conducido por Marcelo Rey y Hern\u00e1n Sotosanto, quienes, junto a un equipo comprometido, se convirtieron en una referencia informativa local.<\/p>\n\n\n\n<p>La tristeza marc\u00f3 las despedidas en las distintas ciudades afectadas.<strong> En Laprida, el cierre de &#8220;Somos Noticias&#8221; dej\u00f3 a la comunidad sin una fuente vital de informaci\u00f3n local.<\/strong> Situaciones similares se vivieron en Coronel Su\u00e1rez, Ayacucho, Balcarce y 9 de Julio, donde los noticieros finalizaron sus transmisiones entre mensajes emotivos y despedidas en redes sociales.<\/p>\n\n\n\n<p><strong>La situaci\u00f3n en Azul es particular, ya que, aunque la continuidad del noticiero local fue garantizada por la empresa, la preocupaci\u00f3n persiste entre los trabajadores, quienes ven con incertidumbre el futuro de los medios locales en otras partes del pa\u00eds. <\/strong>El noticiero de Azul, que lleva aproximadamente 42 a\u00f1os al aire, se ha mantenido como una constante informativa, reflejando la historia y actualidad de la ciudad bajo distintas administraciones.<\/p>\n\n\n\n<blockquote class=\"wp-block-quote is-layout-flow wp-block-quote-is-layout-flow\">\n<p>Este escenario refleja un conflicto entre la visi\u00f3n empresarial de CableVisi\u00f3n-Flow y la funci\u00f3n social que desempe\u00f1an los noticieros locales en las comunidades del interior, donde muchas personas contratan el servicio de cable espec\u00edficamente por el contenido local que estos programas ofrecen.<\/p>\n<\/blockquote>\n\n\n\n<p>La reducci\u00f3n de los canales &#8220;Somos&#8221; a solo cinco en todo el pa\u00eds<strong> deja a muchas ciudades sin una plataforma clave para la difusi\u00f3n de noticias locales, afectando el v\u00ednculo entre los medios y las comunidades a las que sirven.<\/strong><\/p>\n\n\n\n<p><em>Foto e informaci\u00f3n: Diario El Tiempo de Azul. <\/em><\/p>\n","protected":false},"excerpt":{"rendered":"<p>La decisi\u00f3n de Cablevisi\u00f3n-Flow perjudic\u00f3 al derecho de comunicaci\u00f3n de las comunidades de varios puntos de la Provincia. El m\u00e1s<\/p>\n","protected":false},"author":2,"featured_media":133882,"comment_status":"closed","ping_status":"closed","sticky":false,"template":"","format":"standard","meta":{"_jetpack_memberships_contains_paid_content":false,"footnotes":""},"categories":[6,1],"tags":[],"class_list":["post-133881","post","type-post","status-publish","format-standard","has-post-thumbnail","hentry","category-nacionales","category-portada"],"jetpack_featured_media_url":"https:\/\/i0.wp.com\/cdnoticias.com\/wp-content\/uploads\/2025\/01\/1735906376.jpeg?fit=948%2C533&ssl=1","jetpack_sharing_enabled":true,"_links":{"self":[{"href":"https:\/\/cdnoticias.com\/index.php\/wp-json\/wp\/v2\/posts\/133881","targetHints":{"allow":["GET"]}}],"collection":[{"href":"https:\/\/cdnoticias.com\/index.php\/wp-json\/wp\/v2\/posts"}],"about":[{"href":"https:\/\/cdnoticias.com\/index.php\/wp-json\/wp\/v2\/types\/post"}],"author":[{"embeddable":true,"href":"https:\/\/cdnoticias.com\/index.php\/wp-json\/wp\/v2\/users\/2"}],"replies":[{"embeddable":true,"href":"https:\/\/cdnoticias.com\/index.php\/wp-json\/wp\/v2\/comments?post=133881"}],"version-history":[{"count":0,"href":"https:\/\/cdnoticias.com\/index.php\/wp-json\/wp\/v2\/posts\/133881\/revisions"}],"wp:featuredmedia":[{"embeddable":true,"href":"https:\/\/cdnoticias.com\/index.php\/wp-json\/wp\/v2\/media\/133882"}],"wp:attachment":[{"href":"https:\/\/cdnoticias.com\/index.php\/wp-json\/wp\/v2\/media?parent=133881"}],"wp:term":[{"taxonomy":"category","embeddable":true,"href":"https:\/\/cdnoticias.com\/index.php\/wp-json\/wp\/v2\/categories?post=133881"},{"taxonomy":"post_tag","embeddable":true,"href":"https:\/\/cdnoticias.com\/index.php\/wp-json\/wp\/v2\/tags?post=133881"}],"curies":[{"name":"wp","href":"https:\/\/api.w.org\/{rel}","templated":true}]}}