{"id":13388,"date":"2021-02-09T18:09:35","date_gmt":"2021-02-09T21:09:35","guid":{"rendered":"http:\/\/www.centraldenoticias.com.ar\/?p=13388"},"modified":"2021-02-09T18:09:35","modified_gmt":"2021-02-09T21:09:35","slug":"covid-confirman-33-nuevos-casos-y-58-altas-medicas","status":"publish","type":"post","link":"https:\/\/cdnoticias.com\/index.php\/2021\/02\/09\/covid-confirman-33-nuevos-casos-y-58-altas-medicas\/","title":{"rendered":"COVID: Confirman 33 nuevos casos y 58 altas m\u00e9dicas"},"content":{"rendered":"<p>Se realizaron 88 hisopados este martes. Hay 18 personas internadas en el Hospital: 7 en Terapia Intensiva.<!--more--><\/p>\n<hr \/>\n<p>Este martes, <strong>la Secretar\u00eda de Salud confirm\u00f3 33 nuevos casos de COVID en Olavarr\u00eda, mientras que en paralelo 58 pacientes recibieron el alta m\u00e9dica. Hay 126 positivos activos al d\u00eda de hoy.<\/strong><\/p>\n<p>&nbsp;<\/p>\n<p>Seg\u00fan se detall\u00f3, <strong>de un total de 88 hisopados, se descartaron 55 muestras y confirmaron las 33 restantes.<\/strong><\/p>\n<p>&nbsp;<\/p>\n<p><img data-recalc-dims=\"1\" loading=\"lazy\" decoding=\"async\" class=\"alignnone size-full wp-image-13386\" src=\"https:\/\/i0.wp.com\/cdnoticias.com\/wp-content\/uploads\/2021\/02\/parte-6.jpg?resize=800%2C395&#038;ssl=1\" alt=\"\" width=\"800\" height=\"395\" srcset=\"https:\/\/i0.wp.com\/cdnoticias.com\/wp-content\/uploads\/2021\/02\/parte-6.jpg?w=1166&amp;ssl=1 1166w, https:\/\/i0.wp.com\/cdnoticias.com\/wp-content\/uploads\/2021\/02\/parte-6.jpg?resize=300%2C148&amp;ssl=1 300w, https:\/\/i0.wp.com\/cdnoticias.com\/wp-content\/uploads\/2021\/02\/parte-6.jpg?resize=768%2C379&amp;ssl=1 768w, https:\/\/i0.wp.com\/cdnoticias.com\/wp-content\/uploads\/2021\/02\/parte-6.jpg?resize=1024%2C505&amp;ssl=1 1024w\" sizes=\"auto, (max-width: 800px) 100vw, 800px\" \/><\/p>\n<p>&nbsp;<\/p>\n<blockquote><p>Del programa RTA realizado en barrio AOMA, los seis testeos realizados arrojaron un saldo negativo.<\/p><\/blockquote>\n<p>&nbsp;<\/p>\n<p><img data-recalc-dims=\"1\" loading=\"lazy\" decoding=\"async\" class=\"alignnone size-full wp-image-13385\" src=\"https:\/\/i0.wp.com\/cdnoticias.com\/wp-content\/uploads\/2021\/02\/parte02..jpg?resize=800%2C396&#038;ssl=1\" alt=\"\" width=\"800\" height=\"396\" srcset=\"https:\/\/i0.wp.com\/cdnoticias.com\/wp-content\/uploads\/2021\/02\/parte02..jpg?w=1217&amp;ssl=1 1217w, https:\/\/i0.wp.com\/cdnoticias.com\/wp-content\/uploads\/2021\/02\/parte02..jpg?resize=300%2C148&amp;ssl=1 300w, https:\/\/i0.wp.com\/cdnoticias.com\/wp-content\/uploads\/2021\/02\/parte02..jpg?resize=768%2C380&amp;ssl=1 768w, https:\/\/i0.wp.com\/cdnoticias.com\/wp-content\/uploads\/2021\/02\/parte02..jpg?resize=1024%2C507&amp;ssl=1 1024w\" sizes=\"auto, (max-width: 800px) 100vw, 800px\" \/><\/p>\n<p>&nbsp;<\/p>\n<p>En materia hospitalaria, <strong>hay 18 personas internadas: del total, siete se encuentran en el \u00e1rea de Terapia Intensiva y los restantes once, en la denominada Cl\u00ednica COVID<\/strong>. No hay personas internadas en Pediatr\u00eda.<\/p>\n<p>&nbsp;<\/p>\n<p>A esto se le debe sumar, claro est\u00e1, <a href=\"https:\/\/cdnoticias.com\/index.php\/2021\/02\/09\/un-hombre-de-90-anos-fallecio-con-covid-positivo\/\" target=\"_blank\" rel=\"noopener\">el lamentable fallecimiento de un hombre de 90 a\u00f1os.<\/a><\/p>\n","protected":false},"excerpt":{"rendered":"<p>Se realizaron 88 hisopados este martes. Hay 18 personas internadas en el Hospital: 7 en Terapia Intensiva.<\/p>\n","protected":false},"author":2,"featured_media":12846,"comment_status":"closed","ping_status":"closed","sticky":false,"template":"","format":"standard","meta":{"_jetpack_memberships_contains_paid_content":false,"footnotes":""},"categories":[5,1],"tags":[],"class_list":["post-13388","post","type-post","status-publish","format-standard","has-post-thumbnail","hentry","category-informacion-general","category-portada"],"jetpack_featured_media_url":"https:\/\/i0.wp.com\/cdnoticias.com\/wp-content\/uploads\/2021\/02\/rta-hisopados.jpg?fit=1140%2C660&ssl=1","jetpack_sharing_enabled":true,"_links":{"self":[{"href":"https:\/\/cdnoticias.com\/index.php\/wp-json\/wp\/v2\/posts\/13388","targetHints":{"allow":["GET"]}}],"collection":[{"href":"https:\/\/cdnoticias.com\/index.php\/wp-json\/wp\/v2\/posts"}],"about":[{"href":"https:\/\/cdnoticias.com\/index.php\/wp-json\/wp\/v2\/types\/post"}],"author":[{"embeddable":true,"href":"https:\/\/cdnoticias.com\/index.php\/wp-json\/wp\/v2\/users\/2"}],"replies":[{"embeddable":true,"href":"https:\/\/cdnoticias.com\/index.php\/wp-json\/wp\/v2\/comments?post=13388"}],"version-history":[{"count":0,"href":"https:\/\/cdnoticias.com\/index.php\/wp-json\/wp\/v2\/posts\/13388\/revisions"}],"wp:featuredmedia":[{"embeddable":true,"href":"https:\/\/cdnoticias.com\/index.php\/wp-json\/wp\/v2\/media\/12846"}],"wp:attachment":[{"href":"https:\/\/cdnoticias.com\/index.php\/wp-json\/wp\/v2\/media?parent=13388"}],"wp:term":[{"taxonomy":"category","embeddable":true,"href":"https:\/\/cdnoticias.com\/index.php\/wp-json\/wp\/v2\/categories?post=13388"},{"taxonomy":"post_tag","embeddable":true,"href":"https:\/\/cdnoticias.com\/index.php\/wp-json\/wp\/v2\/tags?post=13388"}],"curies":[{"name":"wp","href":"https:\/\/api.w.org\/{rel}","templated":true}]}}