{"id":133874,"date":"2025-01-04T17:26:56","date_gmt":"2025-01-04T20:26:56","guid":{"rendered":"https:\/\/cdnoticias.com\/?p=133874"},"modified":"2025-01-04T17:27:28","modified_gmt":"2025-01-04T20:27:28","slug":"en-accion-se-muda-a-99-9-y-cumple-sus-10-anos-al-aire","status":"publish","type":"post","link":"https:\/\/cdnoticias.com\/index.php\/2025\/01\/04\/en-accion-se-muda-a-99-9-y-cumple-sus-10-anos-al-aire\/","title":{"rendered":"\u201cEn Acci\u00f3n\u201d se muda a FM 99.9 y cumple sus 10 a\u00f1os al aire"},"content":{"rendered":"\n<p>Ser\u00e1 desde este lunes por la ma\u00f1ana, en una reorganizaci\u00f3n de la programaci\u00f3n que incluye varios programas como Olapadel y HD Radio. \u201cEl programa va a seguir siendo en esencia igual, un programa que invita a atravesar la ma\u00f1ana con los oyentes\u201d dijo Georgina M\u00fcller.<\/p>\n\n\n\n<hr class=\"wp-block-separator aligncenter has-alpha-channel-opacity\"\/>\n\n\n\n<p>En su d\u00e9cimo a\u00f1o al aire en Olavarr\u00eda,<strong> En Acci\u00f3n tiene una gran novedad para contar: desde este lunes, mudar\u00e1 su programa a FM 99.9, con programaci\u00f3n renovada y grandes novedades. Una gran forma de cumplir un aniversario.<\/strong><\/p>\n\n\n\n<p><em><strong>\u201cEstamos expectantes\u201d <\/strong><\/em>expres\u00f3 <strong>Georgina M\u00fcller en di\u00e1logo con Central de Noticias <\/strong>en la previa del lanzamiento de este ciclo que comenz\u00f3 en Moebius 107.1 de tarde, en La90 tambi\u00e9n a la tarde y desde 2021, en la ma\u00f1ana de Moebius. Ahora, en la ma\u00f1ana de 99.9.<\/p>\n\n\n\n<p><em>\u201cEstamos expectantes, esperando que llegue ya el lunes 6 de enero, que como regalo de Reyes llega esta nueva programaci\u00f3n en 99.9 que incorpora no s\u00f3lo En Acci\u00f3n sino otros productos locales, que estaban saliendo al aire en 107, como Olapadel y HD Radio. La programaci\u00f3n se completa con Luz de Luna\u201d <\/em>agreg\u00f3 la reconocida locutora local.<\/p>\n\n\n\n<figure class=\"wp-block-image size-full\"><img data-recalc-dims=\"1\" loading=\"lazy\" decoding=\"async\" width=\"800\" height=\"480\" src=\"https:\/\/i0.wp.com\/cdnoticias.com\/wp-content\/uploads\/2025\/01\/en-accion-99.9-1.jpg?resize=800%2C480&#038;ssl=1\" alt=\"\" class=\"wp-image-133876\" srcset=\"https:\/\/i0.wp.com\/cdnoticias.com\/wp-content\/uploads\/2025\/01\/en-accion-99.9-1.jpg?w=1000&amp;ssl=1 1000w, https:\/\/i0.wp.com\/cdnoticias.com\/wp-content\/uploads\/2025\/01\/en-accion-99.9-1.jpg?resize=300%2C180&amp;ssl=1 300w, https:\/\/i0.wp.com\/cdnoticias.com\/wp-content\/uploads\/2025\/01\/en-accion-99.9-1.jpg?resize=768%2C461&amp;ssl=1 768w\" sizes=\"auto, (max-width: 800px) 100vw, 800px\" \/><\/figure>\n\n\n\n<p>El programa<em> \u201c<strong>va a seguir siendo en esencia igual, que invita a atravesar la ma\u00f1ana con los oyentes, con el grupo de autoayuda como lo denominamos (risas) <\/strong>va a tener en la operaci\u00f3n t\u00e9cnica a Patricio Antista, en la secci\u00f3n Automovilismo Javier \u201cTuta\u201d Torres con informes de la actividad lunes y viernes, la participaci\u00f3n de Jorge Scotton con La Mirada En L\u00ednea\u201d.<\/em> Tambi\u00e9n cuenta con la participaci\u00f3n de Carlos L\u00fctscher <em>\u201cque m\u00e1s que invitado es integrante del equipo\u201d,<\/em> el trabajo en redes es de Rita D\u2019Orazio y en la Producci\u00f3n Comercial se suma Catalina Pin Beltramella.<\/p>\n\n\n\n<blockquote class=\"wp-block-quote is-layout-flow wp-block-quote-is-layout-flow\">\n<p>Y, como dato importante y que atraviesa a Central de Noticias, este a\u00f1o se sumar\u00e1 \u201cMomento Central\u201d los mi\u00e9rcoles, \u201cun espacio para charlar un poco de lo que va pasando en la ciudad, desde otra mirada, con m\u00e1s detenimiento, con cuestiones que nos interesen\u201d.<\/p>\n<\/blockquote>\n\n\n\n<figure class=\"wp-block-image size-full\"><img data-recalc-dims=\"1\" loading=\"lazy\" decoding=\"async\" width=\"800\" height=\"480\" src=\"https:\/\/i0.wp.com\/cdnoticias.com\/wp-content\/uploads\/2025\/01\/en-accion-99.9-2.jpg?resize=800%2C480&#038;ssl=1\" alt=\"\" class=\"wp-image-133877\" srcset=\"https:\/\/i0.wp.com\/cdnoticias.com\/wp-content\/uploads\/2025\/01\/en-accion-99.9-2.jpg?w=1000&amp;ssl=1 1000w, https:\/\/i0.wp.com\/cdnoticias.com\/wp-content\/uploads\/2025\/01\/en-accion-99.9-2.jpg?resize=300%2C180&amp;ssl=1 300w, https:\/\/i0.wp.com\/cdnoticias.com\/wp-content\/uploads\/2025\/01\/en-accion-99.9-2.jpg?resize=768%2C461&amp;ssl=1 768w\" sizes=\"auto, (max-width: 800px) 100vw, 800px\" \/><\/figure>\n\n\n\n<p><strong>FM 99.9, que adem\u00e1s retransmite La100, una radio de alcance nacional con gran escucha, ser\u00e1 \u201cun gran desaf\u00edo\u201d para M\u00fcller<\/strong>: <strong>\u201ctenemos que acoplarnos al estilo de los programas de la 100, que son bien claros y definidos; pero sin perder la esencia propia del programa\u201d.<\/strong><\/p>\n\n\n\n<p>La programaci\u00f3n completa de FM 99.9 desde el 6 de enero ser\u00e1 la siguiente:<\/p>\n\n\n\n<p>De 5 a 9: El Club del Moro (la100)<\/p>\n\n\n\n<p>De 9 a 13: EN ACCI\u00d3N (Geor M\u00fcller)<\/p>\n\n\n\n<p>De 13 a 14: OLA PADEL (Pablo Laborde) LUNES Y VIERNES<\/p>\n\n\n\n<p>De 13 a 17: SARASA (La100)<\/p>\n\n\n\n<p>De 17 a 19: ATARDECER DE UN DIA AGITADO (La100)<\/p>\n\n\n\n<p>De 19 a 20: HD RADIO (Carlos L\u00fctscher)<\/p>\n\n\n\n<p>De 20 a 22.30: LUZ DE LUNA (Patricia Vitali)<\/p>\n","protected":false},"excerpt":{"rendered":"<p>Ser\u00e1 desde este lunes por la ma\u00f1ana, en una reorganizaci\u00f3n de la programaci\u00f3n que incluye varios programas como Olapadel y<\/p>\n","protected":false},"author":2,"featured_media":133875,"comment_status":"closed","ping_status":"closed","sticky":false,"template":"","format":"standard","meta":{"_jetpack_memberships_contains_paid_content":false,"footnotes":""},"categories":[9,1],"tags":[],"class_list":["post-133874","post","type-post","status-publish","format-standard","has-post-thumbnail","hentry","category-cultura","category-portada"],"jetpack_featured_media_url":"https:\/\/i0.wp.com\/cdnoticias.com\/wp-content\/uploads\/2025\/01\/en-accion-99.9.jpg?fit=1000%2C600&ssl=1","jetpack_sharing_enabled":true,"_links":{"self":[{"href":"https:\/\/cdnoticias.com\/index.php\/wp-json\/wp\/v2\/posts\/133874","targetHints":{"allow":["GET"]}}],"collection":[{"href":"https:\/\/cdnoticias.com\/index.php\/wp-json\/wp\/v2\/posts"}],"about":[{"href":"https:\/\/cdnoticias.com\/index.php\/wp-json\/wp\/v2\/types\/post"}],"author":[{"embeddable":true,"href":"https:\/\/cdnoticias.com\/index.php\/wp-json\/wp\/v2\/users\/2"}],"replies":[{"embeddable":true,"href":"https:\/\/cdnoticias.com\/index.php\/wp-json\/wp\/v2\/comments?post=133874"}],"version-history":[{"count":0,"href":"https:\/\/cdnoticias.com\/index.php\/wp-json\/wp\/v2\/posts\/133874\/revisions"}],"wp:featuredmedia":[{"embeddable":true,"href":"https:\/\/cdnoticias.com\/index.php\/wp-json\/wp\/v2\/media\/133875"}],"wp:attachment":[{"href":"https:\/\/cdnoticias.com\/index.php\/wp-json\/wp\/v2\/media?parent=133874"}],"wp:term":[{"taxonomy":"category","embeddable":true,"href":"https:\/\/cdnoticias.com\/index.php\/wp-json\/wp\/v2\/categories?post=133874"},{"taxonomy":"post_tag","embeddable":true,"href":"https:\/\/cdnoticias.com\/index.php\/wp-json\/wp\/v2\/tags?post=133874"}],"curies":[{"name":"wp","href":"https:\/\/api.w.org\/{rel}","templated":true}]}}