{"id":133831,"date":"2025-01-03T17:30:21","date_gmt":"2025-01-03T20:30:21","guid":{"rendered":"https:\/\/cdnoticias.com\/?p=133831"},"modified":"2025-01-03T17:30:23","modified_gmt":"2025-01-03T20:30:23","slug":"kicillof-anuncio-que-cubrira-analisis-contra-el-hiv-que-dio-de-baja-milei","status":"publish","type":"post","link":"https:\/\/cdnoticias.com\/index.php\/2025\/01\/03\/kicillof-anuncio-que-cubrira-analisis-contra-el-hiv-que-dio-de-baja-milei\/","title":{"rendered":"Kicillof anunci\u00f3 que cubrir\u00e1 an\u00e1lisis contra el HIV que dio de baja Milei"},"content":{"rendered":"\n<p>Se trata de tres estudios indispensables para evaluar el avance o retroceso del virus y adecuar el tratamiento. Los cubr\u00eda el Estado nacional pero en septiembre pasado dej\u00f3 de hacerlo.<\/p>\n\n\n\n<hr class=\"wp-block-separator aligncenter has-alpha-channel-opacity\"\/>\n\n\n\n<p>El<strong> gobierno de Axel Kicillof anunci\u00f3 que comenzar\u00e1 a cubrir los an\u00e1lisis de carga viral, citometr\u00eda (CD4) y test de resistencia al virus de las personas con VIH<\/strong>, a los que calific\u00f3 de \u201c<strong>indispensables para el seguimiento de esa enfermedad<\/strong>\u201d.\u00a0<\/p>\n\n\n\n<p><\/p>\n\n\n\n<blockquote class=\"wp-block-quote is-layout-flow wp-block-quote-is-layout-flow\">\n<p>La medida se tom\u00f3 luego de que la administraci\u00f3n nacional de Javier Milei dispusiera, en septiembre pasado, discontinuar esa misma cobertura.<\/p>\n<\/blockquote>\n\n\n\n<p><\/p>\n\n\n\n<p>\u201cDada la <strong>necesidad de las personas con VIH de mantener los cuidados y realizar an\u00e1lisis peri\u00f3dicos para ajustar los tratamientos y mantener una buena calidad de vida,<\/strong> el ministerio de Salud bonaerense decidi\u00f3<strong> levantar la restricci\u00f3n impuesta a nivel nacional y dar continuidad al seguimiento <\/strong>de quienes viven con el virus en distritos bonaerenses; por eso <strong>la provisi\u00f3n de insumos y reactivos ser\u00e1 cubierta en su totalidad por el gobierno provincial\u201d<\/strong>, se indic\u00f3 en un comunicado de la cartera sanitaria.<\/p>\n\n\n\n<p><\/p>\n\n\n\n<blockquote class=\"wp-block-quote is-layout-flow wp-block-quote-is-layout-flow\">\n<p>Las solicitudes de los estudios mencionados deben enviarse a los laboratorios de referencia con la planilla adjunta correspondiente. El ministerio de Salud precis\u00f3 que \u201cen el caso de aquellos o aquellas pacientes que cuentan con cobertura de obra social, la extracci\u00f3n de sangre y el procesamiento de las muestras deben ser realizados en el subsector privado\u201d.\u00a0<\/p>\n<\/blockquote>\n\n\n\n<p><\/p>\n\n\n\n<p>\u201cSe procesar\u00e1n muestras en laboratorios provinciales s\u00f3lo en aquellos casos que posean la solicitud de Padr\u00f3n \u00danico Consolidado Operativo (PUCO) aprobada previamente\u201d se\u00f1alaron.&nbsp;<\/p>\n\n\n\n<p><\/p>\n\n\n\n<p>La cartera sanitaria bonaerense \u201c<strong>acompa\u00f1ar\u00e1 a los equipos de salud para que cuenten con la informaci\u00f3n necesaria a fin de llevar a cabo estos an\u00e1lisis<\/strong>\u201d, aclararon.<\/p>\n\n\n\n<p><\/p>\n\n\n\n<h2 class=\"wp-block-heading has-medium-font-size\"><strong>En qu\u00e9 consisten los estudios<\/strong><\/h2>\n\n\n\n<p>La carga viral se obtiene mediante un <strong>an\u00e1lisis de sangre que permite medir el grado de infecci\u00f3n<\/strong> y, a partir de esa informaci\u00f3n, <strong>adecuar el tratamiento del VIH.<\/strong>\u00a0<\/p>\n\n\n\n<p><\/p>\n\n\n\n<p>La citometr\u00eda es otro tipo de an\u00e1lisis de sangre que requieren los y las pacientes porque el VIH ataca a estas c\u00e9lulas y las utiliza para multiplicarse. En tanto, l<strong>a prueba de resistencia identifica qu\u00e9 medicamentos no ser\u00e1n eficaces para combatir el VIH de una persona.\u00a0<\/strong><\/p>\n\n\n\n<p><\/p>\n\n\n\n<p>Estos<strong> estudios y otras consultas de seguimiento<\/strong> junto con la medicaci\u00f3n antirretroviral constituyen el tratamiento adecuado para que la persona que vive con el Virus de Inmunodeficiencia Humana (VIH) pueda <strong>mantener una buena calidad de vida.\u00a0<\/strong><\/p>\n\n\n\n<p><\/p>\n\n\n\n<p><em>Fuente: DIB\u00a0<\/em><\/p>\n","protected":false},"excerpt":{"rendered":"<p>Se trata de tres estudios indispensables para evaluar el avance o retroceso del virus y adecuar el tratamiento. Los cubr\u00eda<\/p>\n","protected":false},"author":6,"featured_media":133833,"comment_status":"closed","ping_status":"closed","sticky":false,"template":"","format":"standard","meta":{"_jetpack_memberships_contains_paid_content":false,"footnotes":""},"categories":[6,1],"tags":[],"class_list":["post-133831","post","type-post","status-publish","format-standard","has-post-thumbnail","hentry","category-nacionales","category-portada"],"jetpack_featured_media_url":"https:\/\/i0.wp.com\/cdnoticias.com\/wp-content\/uploads\/2025\/01\/Analisis-696x416-1.jpg?fit=696%2C416&ssl=1","jetpack_sharing_enabled":true,"_links":{"self":[{"href":"https:\/\/cdnoticias.com\/index.php\/wp-json\/wp\/v2\/posts\/133831","targetHints":{"allow":["GET"]}}],"collection":[{"href":"https:\/\/cdnoticias.com\/index.php\/wp-json\/wp\/v2\/posts"}],"about":[{"href":"https:\/\/cdnoticias.com\/index.php\/wp-json\/wp\/v2\/types\/post"}],"author":[{"embeddable":true,"href":"https:\/\/cdnoticias.com\/index.php\/wp-json\/wp\/v2\/users\/6"}],"replies":[{"embeddable":true,"href":"https:\/\/cdnoticias.com\/index.php\/wp-json\/wp\/v2\/comments?post=133831"}],"version-history":[{"count":0,"href":"https:\/\/cdnoticias.com\/index.php\/wp-json\/wp\/v2\/posts\/133831\/revisions"}],"wp:featuredmedia":[{"embeddable":true,"href":"https:\/\/cdnoticias.com\/index.php\/wp-json\/wp\/v2\/media\/133833"}],"wp:attachment":[{"href":"https:\/\/cdnoticias.com\/index.php\/wp-json\/wp\/v2\/media?parent=133831"}],"wp:term":[{"taxonomy":"category","embeddable":true,"href":"https:\/\/cdnoticias.com\/index.php\/wp-json\/wp\/v2\/categories?post=133831"},{"taxonomy":"post_tag","embeddable":true,"href":"https:\/\/cdnoticias.com\/index.php\/wp-json\/wp\/v2\/tags?post=133831"}],"curies":[{"name":"wp","href":"https:\/\/api.w.org\/{rel}","templated":true}]}}