{"id":13383,"date":"2021-02-09T17:57:46","date_gmt":"2021-02-09T20:57:46","guid":{"rendered":"http:\/\/www.centraldenoticias.com.ar\/?p=13383"},"modified":"2021-02-09T19:48:49","modified_gmt":"2021-02-09T22:48:49","slug":"un-hombre-de-90-anos-fallecio-con-covid-positivo","status":"publish","type":"post","link":"https:\/\/cdnoticias.com\/index.php\/2021\/02\/09\/un-hombre-de-90-anos-fallecio-con-covid-positivo\/","title":{"rendered":"Un hombre de 90 a\u00f1os falleci\u00f3 con COVID positivo"},"content":{"rendered":"<p>As\u00ed lo confirm\u00f3 el parte de la Secretar\u00eda de Salud emitido este martes. Son 113 las personas fallecidas desde el inicio de la pandemia.<!--more--><\/p>\n<hr \/>\n<p>En la jornada de este martes, <strong>un hombre de 90 a\u00f1os falleci\u00f3 tras varios d\u00edas de haber estado internada por COVID<\/strong>, seg\u00fan confirm\u00f3 el parte emitido por la Secretar\u00eda de Salud municipal.<\/p>\n<p>&nbsp;<\/p>\n<p>El paciente\u00a0<strong>hac\u00eda cinco d\u00edas que estaba internada en el \u00e1rea de cl\u00ednica COVID del Hospital Municipal<\/strong> y lamentablemente, muri\u00f3 en las \u00faltimas horas.<\/p>\n<p>&nbsp;<\/p>\n<blockquote><p>De esta forma, son 113 las personas fallecidas desde el inicio de la pandemia. Este lunes, <a href=\"https:\/\/cdnoticias.com\/index.php\/2021\/02\/08\/emergencia-sanitaria-la-semana-comenzo-con-un-fallecido-por-covid\/\" target=\"_blank\" rel=\"noopener\">tambi\u00e9n hubo que lamentar un fallecimiento producto de la enfermedad.<\/a><\/p><\/blockquote>\n<p>&nbsp;<\/p>\n<p>La Municipalidad de Olavarr\u00eda <strong>envi\u00f3 sus condolencias a los familiares y amigos<\/strong> del paciente fallecido este martes.<\/p>\n","protected":false},"excerpt":{"rendered":"<p>As\u00ed lo confirm\u00f3 el parte de la Secretar\u00eda de Salud emitido este martes. Son 113 las personas fallecidas desde el<\/p>\n","protected":false},"author":2,"featured_media":0,"comment_status":"closed","ping_status":"closed","sticky":false,"template":"","format":"standard","meta":{"_jetpack_memberships_contains_paid_content":false,"footnotes":""},"categories":[5,1],"tags":[],"class_list":["post-13383","post","type-post","status-publish","format-standard","hentry","category-informacion-general","category-portada"],"jetpack_featured_media_url":"","jetpack_sharing_enabled":true,"_links":{"self":[{"href":"https:\/\/cdnoticias.com\/index.php\/wp-json\/wp\/v2\/posts\/13383","targetHints":{"allow":["GET"]}}],"collection":[{"href":"https:\/\/cdnoticias.com\/index.php\/wp-json\/wp\/v2\/posts"}],"about":[{"href":"https:\/\/cdnoticias.com\/index.php\/wp-json\/wp\/v2\/types\/post"}],"author":[{"embeddable":true,"href":"https:\/\/cdnoticias.com\/index.php\/wp-json\/wp\/v2\/users\/2"}],"replies":[{"embeddable":true,"href":"https:\/\/cdnoticias.com\/index.php\/wp-json\/wp\/v2\/comments?post=13383"}],"version-history":[{"count":0,"href":"https:\/\/cdnoticias.com\/index.php\/wp-json\/wp\/v2\/posts\/13383\/revisions"}],"wp:attachment":[{"href":"https:\/\/cdnoticias.com\/index.php\/wp-json\/wp\/v2\/media?parent=13383"}],"wp:term":[{"taxonomy":"category","embeddable":true,"href":"https:\/\/cdnoticias.com\/index.php\/wp-json\/wp\/v2\/categories?post=13383"},{"taxonomy":"post_tag","embeddable":true,"href":"https:\/\/cdnoticias.com\/index.php\/wp-json\/wp\/v2\/tags?post=13383"}],"curies":[{"name":"wp","href":"https:\/\/api.w.org\/{rel}","templated":true}]}}