{"id":133811,"date":"2025-01-03T16:06:16","date_gmt":"2025-01-03T19:06:16","guid":{"rendered":"https:\/\/cdnoticias.com\/?p=133811"},"modified":"2025-01-03T18:03:29","modified_gmt":"2025-01-03T21:03:29","slug":"el-primer-fin-de-semana-del-ano-con-variadas-propuestas-para-disfrutar-en-olavarria","status":"publish","type":"post","link":"https:\/\/cdnoticias.com\/index.php\/2025\/01\/03\/el-primer-fin-de-semana-del-ano-con-variadas-propuestas-para-disfrutar-en-olavarria\/","title":{"rendered":"El primer fin de semana del a\u00f1o con variadas propuestas para disfrutar en Olavarr\u00eda"},"content":{"rendered":"\n<p>La Fiesta de Reyes, el Aniversario de Colonia Hinojo, clases de gimnasia y m\u00fasica entre las actividades destacadas.<\/p>\n\n\n\n<hr class=\"wp-block-separator has-alpha-channel-opacity\"\/>\n\n\n\n<p>Para el primer fin de semana del a\u00f1o, el Municipio de Olavarr\u00eda cuenta con diferentes propuestas para disfrutar la ciudad y localidades del Partido, en el marco de <strong>\u201cOlavarr\u00eda en Verano\u201d.<\/strong><\/p>\n\n\n\n<p><\/p>\n\n\n\n<p>El programa que se desarrollar\u00e1 durante el mes de enero, involucra a las distintas \u00e1reas municipales, y combina distintas <strong>actividades culturales, recreativas y deportivas.<\/strong><\/p>\n\n\n\n<p><\/p>\n\n\n\n<p>El cronograma inicia este <strong>s\u00e1bado 4 de enero en la Casa del Bicentenario, a partir de las 19:30 horas, con clases abiertas de gimnasia<\/strong>, a cargo del staff de Deportes que ya son un cl\u00e1sico del verano. Al atardecer se podr\u00e1 disfrutar adem\u00e1s de buena m\u00fasica junto a las bandas <strong>Picnic, Otra Vuelta y La Familia Berm\u00fadez. <\/strong>El evento contar\u00e1 tambi\u00e9n con<strong> foodtracks y puestos cerveceros.<\/strong><\/p>\n\n\n\n<p><\/p>\n\n\n\n<figure class=\"wp-block-embed is-type-wp-embed is-provider-central-de-noticias-olavarr-a wp-block-embed-central-de-noticias-olavarr-a\"><div class=\"wp-block-embed__wrapper\">\n<blockquote class=\"wp-embedded-content\" data-secret=\"zfpH6kPAhZ\"><a href=\"https:\/\/cdnoticias.com\/index.php\/2025\/01\/02\/fin-de-semana-en-la-casa-del-bicentenario-y-en-el-paseo-jesus-mendia\/\">Fin de semana en la Casa del Bicentenario y en el Paseo Jes\u00fas Mend\u00eda<\/a><\/blockquote><iframe loading=\"lazy\" class=\"wp-embedded-content\" sandbox=\"allow-scripts\" security=\"restricted\" style=\"position: absolute; visibility: hidden;\" title=\"&#8220;Fin de semana en la Casa del Bicentenario y en el Paseo Jes\u00fas Mend\u00eda&#8221; &#8212; Central de Noticias | Olavarr\u00eda\" src=\"https:\/\/cdnoticias.com\/index.php\/2025\/01\/02\/fin-de-semana-en-la-casa-del-bicentenario-y-en-el-paseo-jesus-mendia\/embed\/#?secret=GJWKE6239E#?secret=zfpH6kPAhZ\" data-secret=\"zfpH6kPAhZ\" width=\"600\" height=\"338\" frameborder=\"0\" marginwidth=\"0\" marginheight=\"0\" scrolling=\"no\"><\/iframe>\n<\/div><\/figure>\n\n\n\n<p><\/p>\n\n\n\n<p>El<strong> domingo 5 <\/strong>por la ma\u00f1ana se celebrar\u00e1 el <strong>147\u00ba Aniversario de Colonia Hinojo <\/strong>desde las 9 horas con la Santa Misa en la Parroquia \u201cNuestra Se\u00f1ora de la Natividad\u201d. Una vez finalizada la misa, se llevar\u00e1 a cabo el acto protocolar en frente a la parroquia.<\/p>\n\n\n\n<p><\/p>\n\n\n\n<p>El acto ser\u00e1 a las 10 horas en el monumento de los Fundadores, ubicado en la Plaza \u201cDomingo F. Sarmiento\u201d, all\u00ed se acercar\u00e1n autoridades municipales, representantes de instituciones de la comunidad, vecinos y dem\u00e1s invitados.<\/p>\n\n\n\n<p><\/p>\n\n\n\n<p>En la oportunidad habr\u00e1 palabras alusivas, ofrenda floral a los fundadores, bendici\u00f3n y brindis.<\/p>\n\n\n\n<p><\/p>\n\n\n\n<figure class=\"wp-block-embed is-type-wp-embed is-provider-central-de-noticias-olavarr-a wp-block-embed-central-de-noticias-olavarr-a\"><div class=\"wp-block-embed__wrapper\">\n<blockquote class=\"wp-embedded-content\" data-secret=\"S9KXxiZlPk\"><a href=\"https:\/\/cdnoticias.com\/index.php\/2025\/01\/02\/colonia-hinojo-festeja-su-147-aniversario-con-diversas-actividades\/\">Colonia Hinojo festeja su 147\u00b0 aniversario con diversas actividades<\/a><\/blockquote><iframe loading=\"lazy\" class=\"wp-embedded-content\" sandbox=\"allow-scripts\" security=\"restricted\" style=\"position: absolute; visibility: hidden;\" title=\"&#8220;Colonia Hinojo festeja su 147\u00b0 aniversario con diversas actividades&#8221; &#8212; Central de Noticias | Olavarr\u00eda\" src=\"https:\/\/cdnoticias.com\/index.php\/2025\/01\/02\/colonia-hinojo-festeja-su-147-aniversario-con-diversas-actividades\/embed\/#?secret=pPKUg7PAX1#?secret=S9KXxiZlPk\" data-secret=\"S9KXxiZlPk\" width=\"600\" height=\"338\" frameborder=\"0\" marginwidth=\"0\" marginheight=\"0\" scrolling=\"no\"><\/iframe>\n<\/div><\/figure>\n\n\n\n<p><\/p>\n\n\n\n<p>Por otra parte, el domingo las propuestas se trasladar\u00e1n a<strong>l Paseo Jes\u00fas Mend\u00eda y al vered\u00f3n del Museo Municipal D\u00e1maso Arce.<\/strong><\/p>\n\n\n\n<p><\/p>\n\n\n\n<p>Por un lado, a partir de las 19:30 horas, se dictar\u00e1 un taller de<strong> JAM de dibujo en la sede del Museo.<\/strong><\/p>\n\n\n\n<p><\/p>\n\n\n\n<p>Desde las 20, comenzar\u00e1n las propuestas musicales en el Paseo Jes\u00fas Mend\u00eda, con la participaci\u00f3n de los artistas<strong> Campero Campero y Mart\u00edn Graff. <\/strong>En la oportunidad estar\u00e1 habilitado el <strong>paseo de artesanos.<\/strong><\/p>\n\n\n\n<p><\/p>\n\n\n\n<figure class=\"wp-block-embed is-type-wp-embed is-provider-central-de-noticias-olavarr-a wp-block-embed-central-de-noticias-olavarr-a\"><div class=\"wp-block-embed__wrapper\">\n<blockquote class=\"wp-embedded-content\" data-secret=\"b0uCyk91H4\"><a href=\"https:\/\/cdnoticias.com\/index.php\/2024\/12\/24\/se-viene-la-60o-edicion-de-la-fiesta-de-reyes-magos-en-sierras-bayas\/\">Se viene la 60\u00ba edici\u00f3n de la fiesta de Reyes Magos en Sierras Bayas<\/a><\/blockquote><iframe loading=\"lazy\" class=\"wp-embedded-content\" sandbox=\"allow-scripts\" security=\"restricted\" style=\"position: absolute; visibility: hidden;\" title=\"&#8220;Se viene la 60\u00ba edici\u00f3n de la fiesta de Reyes Magos en Sierras Bayas&#8221; &#8212; Central de Noticias | Olavarr\u00eda\" src=\"https:\/\/cdnoticias.com\/index.php\/2024\/12\/24\/se-viene-la-60o-edicion-de-la-fiesta-de-reyes-magos-en-sierras-bayas\/embed\/#?secret=QY5XvsWqN9#?secret=b0uCyk91H4\" data-secret=\"b0uCyk91H4\" width=\"600\" height=\"338\" frameborder=\"0\" marginwidth=\"0\" marginheight=\"0\" scrolling=\"no\"><\/iframe>\n<\/div><\/figure>\n\n\n\n<p><\/p>\n\n\n\n<p>El cierre de la agenda para el fin de semana ser\u00e1 con la <strong>60\u00b0 edici\u00f3n de la Fiesta de Reyes, <\/strong>el tradicional evento organizado por la Asociaci\u00f3n Civil Fiesta Reyes Magos de la Parroquia \u201cCristo Rey\u201d, con el acompa\u00f1amiento del Municipio.<\/p>\n\n\n\n<p><\/p>\n\n\n\n<p>La propuesta contar\u00e1 con una variada programaci\u00f3n que dar\u00e1 inicio a las 17 horas, con la habilitaci\u00f3n apertura del <strong>paseo de los artesanos.<\/strong><\/p>\n\n\n\n<p><\/p>\n\n\n\n<p>A las 20 horas habr\u00e1 un<strong> espect\u00e1culo destinado a los m\u00e1s chicos<\/strong>, y a las 21 horas, tras la bendici\u00f3n de la Fiesta, dar\u00e1 inicio el <strong>Pesebre Viviente<\/strong> con la representaci\u00f3n de los distintos pasajes, para esperar a las 22 horas el momento m\u00e1s ansiado por todos: la cl\u00e1sica<strong> bajada de los Reyes Magos,<\/strong> que llegan para adorar al Ni\u00f1o Jes\u00fas. Tras el mensaje del Rey Baltasar, comenzar\u00e1 la entrega de regalos.<\/p>\n\n\n\n<p><\/p>\n\n\n\n<p>Como ocurre en cada edici\u00f3n, habr\u00e1 servicio de cantina para que todos los que se acerquen puedan disfrutar de una gran fiesta. Finalmente, a las 23 horas aproximadamente se desarrollar\u00e1 el show de cierre que estar\u00e1 a cargo de <strong>\u201cLos Charros\u201d.<\/strong><\/p>\n\n\n\n<p><\/p>\n\n\n\n<p>Por \u00faltimo, se recuerda que<strong> hasta el domingo 5 de enero en la Plaza Central, de 10 a 21 horas, sobre calle Rivadavia, se desarrolla la Feria de Artesanos<\/strong> con distintos puestos donde se podr\u00e1n encontrar productos confeccionados de manera artesanal con diferentes t\u00e9cnicas tales como: papel mach\u00e9, orfebrer\u00eda, tejido en telar, hilado, encuadernaci\u00f3n, cester\u00eda ecol\u00f3gica, tejido en paja vizcachera, cer\u00e1mica, vitrofusi\u00f3n, marroquiner\u00eda,madera, amigurumis, macram\u00e9, velas, pintura art\u00edstica, bordado, artesan\u00eda reciclada y resignificaci\u00f3n.<\/p>\n\n\n\n<p><\/p>\n\n\n\n<figure class=\"wp-block-embed is-type-wp-embed is-provider-central-de-noticias-olavarr-a wp-block-embed-central-de-noticias-olavarr-a\"><div class=\"wp-block-embed__wrapper\">\n<blockquote class=\"wp-embedded-content\" data-secret=\"1739zdizZn\"><a href=\"https:\/\/cdnoticias.com\/index.php\/2025\/01\/02\/feria-de-reyes-en-la-plaza\/\">Feria de Reyes en la plaza<\/a><\/blockquote><iframe loading=\"lazy\" class=\"wp-embedded-content\" sandbox=\"allow-scripts\" security=\"restricted\" style=\"position: absolute; visibility: hidden;\" title=\"&#8220;Feria de Reyes en la plaza&#8221; &#8212; Central de Noticias | Olavarr\u00eda\" src=\"https:\/\/cdnoticias.com\/index.php\/2025\/01\/02\/feria-de-reyes-en-la-plaza\/embed\/#?secret=YXw2lXi3PO#?secret=1739zdizZn\" data-secret=\"1739zdizZn\" width=\"600\" height=\"338\" frameborder=\"0\" marginwidth=\"0\" marginheight=\"0\" scrolling=\"no\"><\/iframe>\n<\/div><\/figure>\n\n\n\n<p><\/p>\n\n\n\n<p>Desde el Municipio se invita a la comunidad a seguir participando y sumarse a las propuestas del Programa Olavarr\u00eda en Verano, que se ir\u00e1n informado por las distintas redes oficiales y en @olavarria.va.<\/p>\n\n\n\n<p><\/p>\n\n\n\n<p><strong>Cronograma<\/strong><\/p>\n\n\n\n<p><\/p>\n\n\n\n<p><strong>Hasta el 5 de enero<br><\/strong>De 10 a 21 horas<br>Feria de Artesanos en la Plaza Central (sobre calle Rivadavia)<\/p>\n\n\n\n<p><\/p>\n\n\n\n<p><strong>S\u00e1bado 4 de enero<br><\/strong>19:30 horas<br>Casa del Bicentenario<\/p>\n\n\n\n<p>Clase abierta de gimnasia y m\u00fasica en vivo con Picnic, Otra Vuelta y La Familia Berm\u00fadez. Foodtracks y cerveceros.<\/p>\n\n\n\n<p><\/p>\n\n\n\n<p><strong>Domingo 5 de enero<\/strong><\/p>\n\n\n\n<p><\/p>\n\n\n\n<p><strong>147\u00ba Aniversario de Colonia Hinojo<br><\/strong>9 horas: Misa en la Parroquia \u201cNuestra Se\u00f1ora de la Natividad\u201d<br>10 horas: Acto protocolar en el Monumento de los Fundadores Plaza \u201cDomingo F. Sarmiento\u201d. Palabras alusivas, ofrenda floral, bendici\u00f3n y brindis.<\/p>\n\n\n\n<p><\/p>\n\n\n\n<p><strong>60\u00ba Fiesta de Reyes Magos<\/strong><\/p>\n\n\n\n<p>17 horas. Apertura del paseo de artesanos y emprendedores.<br>20 horas. Espect\u00e1culo infantil.<br>21 horas. Bendici\u00f3n de la Fiesta. Inicio del Pesebre Viviente.<br>22 horas. Bajada de los Reyes Magos.<br>23 horas. Show de cierre con Los Charros.<\/p>\n\n\n\n<p><\/p>\n\n\n\n<p><strong>19:30 horas<br><\/strong>Museo D\u00e1maso Arce<br>Taller JAM de dibujo.<\/p>\n\n\n\n<p><\/p>\n\n\n\n<p><strong>20 horas<br><\/strong>Paseo Mend\u00eda<br>M\u00fasica en vivo con Campero Campero y Mart\u00edn Graff.<\/p>\n","protected":false},"excerpt":{"rendered":"<p>La Fiesta de Reyes, el Aniversario de Colonia Hinojo, clases de gimnasia y m\u00fasica entre las actividades destacadas. Para el<\/p>\n","protected":false},"author":5,"featured_media":106763,"comment_status":"closed","ping_status":"closed","sticky":false,"template":"","format":"standard","meta":{"_jetpack_memberships_contains_paid_content":false,"footnotes":""},"categories":[9,1],"tags":[],"class_list":["post-133811","post","type-post","status-publish","format-standard","has-post-thumbnail","hentry","category-cultura","category-portada"],"jetpack_featured_media_url":"https:\/\/i0.wp.com\/cdnoticias.com\/wp-content\/uploads\/2024\/01\/fiesta-de-reyes-2023-sierras-bayas-05.jpg?fit=1000%2C556&ssl=1","jetpack_sharing_enabled":true,"_links":{"self":[{"href":"https:\/\/cdnoticias.com\/index.php\/wp-json\/wp\/v2\/posts\/133811","targetHints":{"allow":["GET"]}}],"collection":[{"href":"https:\/\/cdnoticias.com\/index.php\/wp-json\/wp\/v2\/posts"}],"about":[{"href":"https:\/\/cdnoticias.com\/index.php\/wp-json\/wp\/v2\/types\/post"}],"author":[{"embeddable":true,"href":"https:\/\/cdnoticias.com\/index.php\/wp-json\/wp\/v2\/users\/5"}],"replies":[{"embeddable":true,"href":"https:\/\/cdnoticias.com\/index.php\/wp-json\/wp\/v2\/comments?post=133811"}],"version-history":[{"count":0,"href":"https:\/\/cdnoticias.com\/index.php\/wp-json\/wp\/v2\/posts\/133811\/revisions"}],"wp:featuredmedia":[{"embeddable":true,"href":"https:\/\/cdnoticias.com\/index.php\/wp-json\/wp\/v2\/media\/106763"}],"wp:attachment":[{"href":"https:\/\/cdnoticias.com\/index.php\/wp-json\/wp\/v2\/media?parent=133811"}],"wp:term":[{"taxonomy":"category","embeddable":true,"href":"https:\/\/cdnoticias.com\/index.php\/wp-json\/wp\/v2\/categories?post=133811"},{"taxonomy":"post_tag","embeddable":true,"href":"https:\/\/cdnoticias.com\/index.php\/wp-json\/wp\/v2\/tags?post=133811"}],"curies":[{"name":"wp","href":"https:\/\/api.w.org\/{rel}","templated":true}]}}