{"id":133804,"date":"2025-01-03T10:28:10","date_gmt":"2025-01-03T13:28:10","guid":{"rendered":"https:\/\/cdnoticias.com\/?p=133804"},"modified":"2025-01-03T12:11:39","modified_gmt":"2025-01-03T15:11:39","slug":"un-adolescente-fue-detenido-acusado-de-un-robo-con-armas","status":"publish","type":"post","link":"https:\/\/cdnoticias.com\/index.php\/2025\/01\/03\/un-adolescente-fue-detenido-acusado-de-un-robo-con-armas\/","title":{"rendered":"Un adolescente fue detenido acusado de un robo con armas"},"content":{"rendered":"\n<p>Fue trasladado al Centro Cerrado \u201cLeopoldo Lugones\u201d de la ciudad de Azul.<\/p>\n\n\n\n<hr class=\"wp-block-separator has-alpha-channel-opacity\"\/>\n\n\n\n<p>Un adolescente de 16 a\u00f1os fue detenido por personal de la Comisar\u00eda Segunda en el marco de una causa por<strong> robo agravado por el uso de armas.<\/strong><\/p>\n\n\n\n<p><\/p>\n\n\n\n<p>La orden de detenci\u00f3n fue determinada por el Juzgado de Responsabilidad Penal Juvenil N\u00b0 1. El adolescente <strong>fue trasladado al Centro Cerrado \u201cLeopoldo Lugones\u201d de la ciudad de Azul.<\/strong><\/p>\n\n\n\n<p><\/p>\n\n\n\n<p>Seg\u00fan se inform\u00f3, la causa est\u00e1 caratulada como \u201c<strong>robo agravado por el uso de armas\u201d<\/strong> y <strong>\u201cpor haber sido cometido con arma de fuego cuya aptitud para el disparo no pudo tenerse por acreditada\u201d.<\/strong><\/p>\n\n\n\n<p><\/p>\n","protected":false},"excerpt":{"rendered":"<p>Fue trasladado al Centro Cerrado \u201cLeopoldo Lugones\u201d de la ciudad de Azul. Un adolescente de 16 a\u00f1os fue detenido por<\/p>\n","protected":false},"author":5,"featured_media":40654,"comment_status":"closed","ping_status":"closed","sticky":false,"template":"","format":"standard","meta":{"_jetpack_memberships_contains_paid_content":false,"footnotes":""},"categories":[14,1],"tags":[],"class_list":["post-133804","post","type-post","status-publish","format-standard","has-post-thumbnail","hentry","category-policiales","category-portada"],"jetpack_featured_media_url":"https:\/\/i0.wp.com\/cdnoticias.com\/wp-content\/uploads\/2021\/12\/WhatsApp-Image-2021-12-06-at-15.42.27-2.jpeg?fit=1600%2C900&ssl=1","jetpack_sharing_enabled":true,"_links":{"self":[{"href":"https:\/\/cdnoticias.com\/index.php\/wp-json\/wp\/v2\/posts\/133804","targetHints":{"allow":["GET"]}}],"collection":[{"href":"https:\/\/cdnoticias.com\/index.php\/wp-json\/wp\/v2\/posts"}],"about":[{"href":"https:\/\/cdnoticias.com\/index.php\/wp-json\/wp\/v2\/types\/post"}],"author":[{"embeddable":true,"href":"https:\/\/cdnoticias.com\/index.php\/wp-json\/wp\/v2\/users\/5"}],"replies":[{"embeddable":true,"href":"https:\/\/cdnoticias.com\/index.php\/wp-json\/wp\/v2\/comments?post=133804"}],"version-history":[{"count":0,"href":"https:\/\/cdnoticias.com\/index.php\/wp-json\/wp\/v2\/posts\/133804\/revisions"}],"wp:featuredmedia":[{"embeddable":true,"href":"https:\/\/cdnoticias.com\/index.php\/wp-json\/wp\/v2\/media\/40654"}],"wp:attachment":[{"href":"https:\/\/cdnoticias.com\/index.php\/wp-json\/wp\/v2\/media?parent=133804"}],"wp:term":[{"taxonomy":"category","embeddable":true,"href":"https:\/\/cdnoticias.com\/index.php\/wp-json\/wp\/v2\/categories?post=133804"},{"taxonomy":"post_tag","embeddable":true,"href":"https:\/\/cdnoticias.com\/index.php\/wp-json\/wp\/v2\/tags?post=133804"}],"curies":[{"name":"wp","href":"https:\/\/api.w.org\/{rel}","templated":true}]}}