{"id":133802,"date":"2025-01-03T11:02:40","date_gmt":"2025-01-03T14:02:40","guid":{"rendered":"https:\/\/cdnoticias.com\/?p=133802"},"modified":"2025-01-03T14:20:40","modified_gmt":"2025-01-03T17:20:40","slug":"coparticipacion-provincial-olavarria-volvio-a-subir-en-el-indice-de-reparto","status":"publish","type":"post","link":"https:\/\/cdnoticias.com\/index.php\/2025\/01\/03\/coparticipacion-provincial-olavarria-volvio-a-subir-en-el-indice-de-reparto\/","title":{"rendered":"Coparticipaci\u00f3n provincial: Olavarr\u00eda volvi\u00f3 a subir en el \u00edndice de reparto"},"content":{"rendered":"<p>La Provincia elabor\u00f3 el coeficiente con el que repartir\u00e1 fondos a los 135 municipios durante este a\u00f1o. Por segundo a\u00f1o consecutivo, Olavarr\u00eda entre los ganadores.<!--more--><\/p>\n<hr \/>\n<p>El <strong>Gobierno de Axel Kicillof<\/strong> elabor\u00f3 el<strong> Coeficiente \u00danico de Distribuci\u00f3n (CUD)<\/strong>, \u00edndice que se utiliza para <strong>calcular el reparto de fondos<\/strong> -coparticipaci\u00f3n y otras transferencias- que llegar\u00e1n a los<strong> municipios durante 2025<\/strong>.<\/p>\n<blockquote><p>Para este a\u00f1o Olavarr\u00eda tendr\u00e1 un CUD de 1,01533. Representa un incremento de 2,14% respecto del coeficiente de 2024 y <a href=\"https:\/\/cdnoticias.com\/index.php\/2024\/01\/06\/tras-dos-anos-en-caida-olavarria-sube-en-el-indice-de-coparticipacion-provincial-en-2024\/\" target=\"_blank\" rel=\"noopener\">es la segunda suba consecutiva<\/a>.<\/p><\/blockquote>\n<p>El CUD <strong>se calcula en base a diferentes variables como poblaci\u00f3n, superficie o servicios municipales de salud<\/strong> y no puede bajar m\u00e1s de un 5% entre un a\u00f1o y otro. La masa coparticipable se divide entre los 135 municipios bonaerenses, por lo que aquella comuna que un a\u00f1o gana m\u00e1s fondos le \u201cquita\u201d a una que perdi\u00f3.<\/p>\n<p>La modificaci\u00f3n se realiza todos los a\u00f1os de acuerdo a la Ley 10.559, y <strong>comienza a regir el 1\u00ba de enero<\/strong>. Y de acuerdo a los datos de este a\u00f1o, <strong>79 municipios vieron mejorar el \u00edndice con respecto a 2024<\/strong>, mientras que <strong>56 quedar\u00e1n por debajo<\/strong>. Y hay 15 distritos que se salvaron por el tope de 5% de quita que establece la ley.<\/p>\n<p><img data-recalc-dims=\"1\" loading=\"lazy\" decoding=\"async\" class=\"aligncenter wp-image-133803\" src=\"https:\/\/i0.wp.com\/cdnoticias.com\/wp-content\/uploads\/2025\/01\/coparticipacion-provincial-CUD-2025.jpg?resize=800%2C628&#038;ssl=1\" alt=\"\" width=\"800\" height=\"628\" srcset=\"https:\/\/i0.wp.com\/cdnoticias.com\/wp-content\/uploads\/2025\/01\/coparticipacion-provincial-CUD-2025.jpg?w=1000&amp;ssl=1 1000w, https:\/\/i0.wp.com\/cdnoticias.com\/wp-content\/uploads\/2025\/01\/coparticipacion-provincial-CUD-2025.jpg?resize=300%2C236&amp;ssl=1 300w, https:\/\/i0.wp.com\/cdnoticias.com\/wp-content\/uploads\/2025\/01\/coparticipacion-provincial-CUD-2025.jpg?resize=768%2C603&amp;ssl=1 768w\" sizes=\"auto, (max-width: 800px) 100vw, 800px\" \/><\/p>\n<h3>Ganadores y perdedores<\/h3>\n<p>Si bien los La Matanza (con un CUD de 6,708); Malvinas Argentinas (3,24198) y La Plata (3,105) tienen los coeficientes m\u00e1s altos, no fueron<strong> los que m\u00e1s crecieron<\/strong> en este 2025. Los que est\u00e1n al tope fueron <strong>Marcos Paz<\/strong> que recuper\u00f3 18,12 puntos de coparticipaci\u00f3n, seguido por <strong>Escobar<\/strong>, con casi 13 puntos, y <strong>General Rodr\u00edguez<\/strong> con 9,9.<\/p>\n<p>En el otro extremo de la tabla, los que vieron<strong> una ca\u00edda m\u00e1s pronunciada<\/strong> en su coeficiente son <strong>General Las Heras<\/strong> (-53%); <strong>General Lavalle<\/strong> (-23,60%); <strong>Coronel Rosales<\/strong> (-14,29%); y varios con 5 puntos de merma: La Matanza, Saavedra, San Isidro, Lan\u00fas, Capit\u00e1n Sarmiento, Carlos Tejedor, Florentino Ameghino, Daireaux, General Guido, General San Mart\u00edn, Lezama, Luj\u00e1n, Mor\u00f3n, Suipacha, Tordillo y Chascom\u00fas.<\/p>\n<p>En el interior, el CUD de Azul ser\u00e1 0,73371 (similar al del a\u00f1o anterior); Bol\u00edvar 0,59303 (+3,43%); Bragado 0,55937 (+1,55%); Chivilcoy 0,70479 (-0,23%); Dolores 0,46263 (+7,55%); Mar del Plata 2,13610 (-0,44%); General Villegas 0,64029 (+5,80%); Jun\u00edn 0,39022 (-0,26%); Necochea 0,69513 (+2,36%); 9 de Julio 0,35288 (-0,07%); Pehuaj\u00f3 0,76088 (-0,70%); Rojas 0,31088 (+0,94%); Rivadavia 0,39275 (+0,93%); San Nicol\u00e1s 0,57787 (++1,03%); Trenque Lauquen 0,77254 (+1,85%); Tres Arroyos 0,6423 (+2,69%); Z\u00e1rate 0,54697 (+1,81%) y 25 de Mayo 0,46700 (+2,06).<\/p>\n<p>Fuente: <em>con datos propios y de Agencia DIB<\/em><\/p>\n","protected":false},"excerpt":{"rendered":"<p>La Provincia elabor\u00f3 el coeficiente con el que repartir\u00e1 fondos a los 135 municipios durante este a\u00f1o. Por segundo a\u00f1o<\/p>\n","protected":false},"author":4,"featured_media":36400,"comment_status":"closed","ping_status":"closed","sticky":false,"template":"","format":"standard","meta":{"_jetpack_memberships_contains_paid_content":false,"footnotes":""},"categories":[5,1],"tags":[],"class_list":["post-133802","post","type-post","status-publish","format-standard","has-post-thumbnail","hentry","category-informacion-general","category-portada"],"jetpack_featured_media_url":"https:\/\/i0.wp.com\/cdnoticias.com\/wp-content\/uploads\/2021\/10\/olavarria-aerea-drone-00.jpg?fit=1600%2C890&ssl=1","jetpack_sharing_enabled":true,"_links":{"self":[{"href":"https:\/\/cdnoticias.com\/index.php\/wp-json\/wp\/v2\/posts\/133802","targetHints":{"allow":["GET"]}}],"collection":[{"href":"https:\/\/cdnoticias.com\/index.php\/wp-json\/wp\/v2\/posts"}],"about":[{"href":"https:\/\/cdnoticias.com\/index.php\/wp-json\/wp\/v2\/types\/post"}],"author":[{"embeddable":true,"href":"https:\/\/cdnoticias.com\/index.php\/wp-json\/wp\/v2\/users\/4"}],"replies":[{"embeddable":true,"href":"https:\/\/cdnoticias.com\/index.php\/wp-json\/wp\/v2\/comments?post=133802"}],"version-history":[{"count":0,"href":"https:\/\/cdnoticias.com\/index.php\/wp-json\/wp\/v2\/posts\/133802\/revisions"}],"wp:featuredmedia":[{"embeddable":true,"href":"https:\/\/cdnoticias.com\/index.php\/wp-json\/wp\/v2\/media\/36400"}],"wp:attachment":[{"href":"https:\/\/cdnoticias.com\/index.php\/wp-json\/wp\/v2\/media?parent=133802"}],"wp:term":[{"taxonomy":"category","embeddable":true,"href":"https:\/\/cdnoticias.com\/index.php\/wp-json\/wp\/v2\/categories?post=133802"},{"taxonomy":"post_tag","embeddable":true,"href":"https:\/\/cdnoticias.com\/index.php\/wp-json\/wp\/v2\/tags?post=133802"}],"curies":[{"name":"wp","href":"https:\/\/api.w.org\/{rel}","templated":true}]}}