{"id":13378,"date":"2021-02-09T17:38:39","date_gmt":"2021-02-09T20:38:39","guid":{"rendered":"http:\/\/www.centraldenoticias.com.ar\/?p=13378"},"modified":"2021-02-09T17:39:18","modified_gmt":"2021-02-09T20:39:18","slug":"convocan-a-una-movilizacion-en-olavarria-por-el-femicidio-de-una-joven-en-rojas","status":"publish","type":"post","link":"https:\/\/cdnoticias.com\/index.php\/2021\/02\/09\/convocan-a-una-movilizacion-en-olavarria-por-el-femicidio-de-una-joven-en-rojas\/","title":{"rendered":"Convocan a una movilizaci\u00f3n en Olavarr\u00eda por el femicidio de una joven en Rojas"},"content":{"rendered":"<p>Ser\u00e1 este mi\u00e9rcoles desde las 18 horas en el Paseo Jes\u00fas Mend\u00eda. \u201cEstamos hartxs. Exigimos justicia por \u00darsula\u201d.<!--more--><\/p>\n<hr \/>\n<p>Tras el femicidio de una joven de 19 a\u00f1os en la localidad bonaerense de Rojas en manos de su ex pareja, un polic\u00eda,<strong> la Asamblea Feminista Olavarr\u00eda convoc\u00f3 para este mi\u00e9rcoles a las 18 horas una movilizaci\u00f3n en pedido de Justicia.<\/strong><\/p>\n<p>&nbsp;<\/p>\n<p><strong>Ser\u00e1 en el Paseo Jes\u00fas Mend\u00eda, bajo el lema \u201c\u00a1Estamos hartxs!\u201d<\/strong> y explicaron: <strong><em>\u201cen los 40 d\u00edas que van del a\u00f1o se cometieron 42 femicidios. Exigimos justicia por \u00darsula\u201d<\/em><\/strong> y agregaron que <em>\u201cel Estado se haga responsable\u201d.<\/em><\/p>\n<p>&nbsp;<\/p>\n<p><img data-recalc-dims=\"1\" loading=\"lazy\" decoding=\"async\" class=\"alignnone size-full wp-image-13381\" src=\"https:\/\/i0.wp.com\/cdnoticias.com\/wp-content\/uploads\/2021\/02\/WhatsApp-Image-2021-02-09-at-16.28.13.jpeg?resize=800%2C800&#038;ssl=1\" alt=\"\" width=\"800\" height=\"800\" srcset=\"https:\/\/i0.wp.com\/cdnoticias.com\/wp-content\/uploads\/2021\/02\/WhatsApp-Image-2021-02-09-at-16.28.13.jpeg?w=1080&amp;ssl=1 1080w, https:\/\/i0.wp.com\/cdnoticias.com\/wp-content\/uploads\/2021\/02\/WhatsApp-Image-2021-02-09-at-16.28.13.jpeg?resize=150%2C150&amp;ssl=1 150w, https:\/\/i0.wp.com\/cdnoticias.com\/wp-content\/uploads\/2021\/02\/WhatsApp-Image-2021-02-09-at-16.28.13.jpeg?resize=300%2C300&amp;ssl=1 300w, https:\/\/i0.wp.com\/cdnoticias.com\/wp-content\/uploads\/2021\/02\/WhatsApp-Image-2021-02-09-at-16.28.13.jpeg?resize=768%2C768&amp;ssl=1 768w, https:\/\/i0.wp.com\/cdnoticias.com\/wp-content\/uploads\/2021\/02\/WhatsApp-Image-2021-02-09-at-16.28.13.jpeg?resize=1024%2C1024&amp;ssl=1 1024w\" sizes=\"auto, (max-width: 800px) 100vw, 800px\" \/><\/p>\n<p>&nbsp;<\/p>\n<blockquote><p>Cabe recordar que \u00darsula Bahillo fue brutalmente asesinada por su ex pareja, un polic\u00eda que se encontraba bajo tratamiento psiqui\u00e1trico y que la joven hab\u00eda denunciado en reiteradas ocasiones.<\/p><\/blockquote>\n<p>&nbsp;<\/p>\n<p>La Justicia hizo caso omiso y<strong> el femicida, Mat\u00edas Ezequiel Mart\u00ednez de 25 a\u00f1os<\/strong>, mat\u00f3 a la joven de m\u00e1s de 30 pu\u00f1aladas.<\/p>\n<p>&nbsp;<\/p>\n<p>Por el caso <strong>la madre de la joven dej\u00f3 en claro los constantes intentos por realizar la denuncia ante el hostigamiento de Mart\u00ednez.<\/strong> Lo m\u00e1s grave, incluso, fue una ocasi\u00f3n en que fueron a denunciarlo a la Comisar\u00eda de la Mujer de Rojas y no le tomaron la demanda <strong><em>\u201cporque era fin de semana\u201d.<\/em><\/strong><\/p>\n","protected":false},"excerpt":{"rendered":"<p>Ser\u00e1 este mi\u00e9rcoles desde las 18 horas en el Paseo Jes\u00fas Mend\u00eda. \u201cEstamos hartxs. Exigimos justicia por \u00darsula\u201d.<\/p>\n","protected":false},"author":2,"featured_media":13379,"comment_status":"closed","ping_status":"closed","sticky":false,"template":"","format":"standard","meta":{"_jetpack_memberships_contains_paid_content":false,"footnotes":""},"categories":[3,1],"tags":[],"class_list":["post-13378","post","type-post","status-publish","format-standard","has-post-thumbnail","hentry","category-genero","category-portada"],"jetpack_featured_media_url":"https:\/\/i0.wp.com\/cdnoticias.com\/wp-content\/uploads\/2021\/02\/f608x342-8675_38398_0.jpg?fit=608%2C342&ssl=1","jetpack_sharing_enabled":true,"_links":{"self":[{"href":"https:\/\/cdnoticias.com\/index.php\/wp-json\/wp\/v2\/posts\/13378","targetHints":{"allow":["GET"]}}],"collection":[{"href":"https:\/\/cdnoticias.com\/index.php\/wp-json\/wp\/v2\/posts"}],"about":[{"href":"https:\/\/cdnoticias.com\/index.php\/wp-json\/wp\/v2\/types\/post"}],"author":[{"embeddable":true,"href":"https:\/\/cdnoticias.com\/index.php\/wp-json\/wp\/v2\/users\/2"}],"replies":[{"embeddable":true,"href":"https:\/\/cdnoticias.com\/index.php\/wp-json\/wp\/v2\/comments?post=13378"}],"version-history":[{"count":0,"href":"https:\/\/cdnoticias.com\/index.php\/wp-json\/wp\/v2\/posts\/13378\/revisions"}],"wp:featuredmedia":[{"embeddable":true,"href":"https:\/\/cdnoticias.com\/index.php\/wp-json\/wp\/v2\/media\/13379"}],"wp:attachment":[{"href":"https:\/\/cdnoticias.com\/index.php\/wp-json\/wp\/v2\/media?parent=13378"}],"wp:term":[{"taxonomy":"category","embeddable":true,"href":"https:\/\/cdnoticias.com\/index.php\/wp-json\/wp\/v2\/categories?post=13378"},{"taxonomy":"post_tag","embeddable":true,"href":"https:\/\/cdnoticias.com\/index.php\/wp-json\/wp\/v2\/tags?post=13378"}],"curies":[{"name":"wp","href":"https:\/\/api.w.org\/{rel}","templated":true}]}}