{"id":133767,"date":"2025-01-02T18:00:08","date_gmt":"2025-01-02T21:00:08","guid":{"rendered":"https:\/\/cdnoticias.com\/?p=133767"},"modified":"2025-01-02T19:53:22","modified_gmt":"2025-01-02T22:53:22","slug":"se-iniciaron-obras-de-mejoramiento-en-el-jardin-no-930","status":"publish","type":"post","link":"https:\/\/cdnoticias.com\/index.php\/2025\/01\/02\/se-iniciaron-obras-de-mejoramiento-en-el-jardin-no-930\/","title":{"rendered":"Se iniciaron obras de mejoramiento en el Jard\u00edn N\u00ba 930"},"content":{"rendered":"\n<p>Comprende arreglos de filtraciones, grietas y revoques para dejar el edificio en condiciones de cara al inicio del ciclo lectivo.<\/p>\n\n\n\n<hr class=\"wp-block-separator aligncenter has-alpha-channel-opacity\"\/>\n\n\n\n<p>Este jueves, <strong>se iniciaron una serie de obras de mejoramiento <\/strong>en la <strong>sede del Jard\u00edn de Infantes N\u00ba 930<\/strong> (Estrada 1453), ubicado en el <strong>barrio Acupo II.<\/strong><\/p>\n\n\n\n<p><\/p>\n\n\n\n<p>Dicha intervenci\u00f3n planificada desde el \u00e1rea de Obras P\u00fablicas de la Municipalidad <strong>comprende arreglos de filtraciones, grietas y revoques para dejar el edificio en condiciones de cara al inicio del ciclo lectivo.<\/strong><\/p>\n\n\n\n<p><\/p>\n\n\n\n<blockquote class=\"wp-block-quote is-layout-flow wp-block-quote-is-layout-flow\">\n<p>Los trabajos comprenden impermeabilizaci\u00f3n de losa, colocaci\u00f3n de membrana, limpieza de cubiertas, canaletas, desag\u00fces y bajadas, realizaci\u00f3n de nuevos revoques en secretaria y pasillo, selladuras de grietas en pared del sal\u00f3n de usos m\u00faltiples, pintura interior en sectores intervenidos, colocaci\u00f3n de nuevas ventanas de aluminio, reparaciones en ba\u00f1os, arreglo de termotanque de la cocina y revisi\u00f3n de instalaciones.<\/p>\n<\/blockquote>\n\n\n\n<p><\/p>\n\n\n\n<figure class=\"wp-block-image aligncenter size-full\"><img data-recalc-dims=\"1\" loading=\"lazy\" decoding=\"async\" width=\"800\" height=\"467\" src=\"https:\/\/i0.wp.com\/cdnoticias.com\/wp-content\/uploads\/2025\/01\/Obras-Jardin-930-2-2.png?resize=800%2C467&#038;ssl=1\" alt=\"\" class=\"wp-image-133770\" srcset=\"https:\/\/i0.wp.com\/cdnoticias.com\/wp-content\/uploads\/2025\/01\/Obras-Jardin-930-2-2.png?w=887&amp;ssl=1 887w, https:\/\/i0.wp.com\/cdnoticias.com\/wp-content\/uploads\/2025\/01\/Obras-Jardin-930-2-2.png?resize=300%2C175&amp;ssl=1 300w, https:\/\/i0.wp.com\/cdnoticias.com\/wp-content\/uploads\/2025\/01\/Obras-Jardin-930-2-2.png?resize=768%2C449&amp;ssl=1 768w\" sizes=\"auto, (max-width: 800px) 100vw, 800px\" \/><\/figure>\n\n\n\n<p><\/p>\n\n\n\n<p>Desde el inicio de la gesti\u00f3n del intendente Maximiliano Wesner hasta la actualidad se llevan adelante obras en una treinta de establecimientos educativos del Partido de Olavarr\u00eda. Las obras van desde reformas integrales, importantes remodelaciones, construcciones totalmente nuevas hasta tareas de mantenimiento de instalaciones, pinturas, arreglos de veredas y trabajos de impermeabilizaci\u00f3n.<\/p>\n\n\n\n<p><\/p>\n\n\n\n<p>En el Jard\u00edn N\u00ba 930 la inversi\u00f3n realizada permitir\u00e1 mejorar distintas instalaciones como <strong>cocina, ba\u00f1os, sal\u00f3n de usos m\u00faltiples y accesos, <\/strong>tanto para docentes como para alumnos.<\/p>\n\n\n\n<p><\/p>\n\n\n\n<figure class=\"wp-block-image aligncenter size-full\"><img data-recalc-dims=\"1\" loading=\"lazy\" decoding=\"async\" width=\"800\" height=\"487\" src=\"https:\/\/i0.wp.com\/cdnoticias.com\/wp-content\/uploads\/2025\/01\/obras-jardin930-1.png?resize=800%2C487&#038;ssl=1\" alt=\"\" class=\"wp-image-133771\" srcset=\"https:\/\/i0.wp.com\/cdnoticias.com\/wp-content\/uploads\/2025\/01\/obras-jardin930-1.png?w=868&amp;ssl=1 868w, https:\/\/i0.wp.com\/cdnoticias.com\/wp-content\/uploads\/2025\/01\/obras-jardin930-1.png?resize=300%2C182&amp;ssl=1 300w, https:\/\/i0.wp.com\/cdnoticias.com\/wp-content\/uploads\/2025\/01\/obras-jardin930-1.png?resize=768%2C467&amp;ssl=1 768w\" sizes=\"auto, (max-width: 800px) 100vw, 800px\" \/><\/figure>\n\n\n\n<p><\/p>\n","protected":false},"excerpt":{"rendered":"<p>Comprende arreglos de filtraciones, grietas y revoques para dejar el edificio en condiciones de cara al inicio del ciclo lectivo.<\/p>\n","protected":false},"author":6,"featured_media":133769,"comment_status":"closed","ping_status":"closed","sticky":false,"template":"","format":"standard","meta":{"_jetpack_memberships_contains_paid_content":false,"footnotes":""},"categories":[5,1],"tags":[],"class_list":["post-133767","post","type-post","status-publish","format-standard","has-post-thumbnail","hentry","category-informacion-general","category-portada"],"jetpack_featured_media_url":"https:\/\/i0.wp.com\/cdnoticias.com\/wp-content\/uploads\/2025\/01\/Obras-Jardin-930-3.png?fit=867%2C470&ssl=1","jetpack_sharing_enabled":true,"_links":{"self":[{"href":"https:\/\/cdnoticias.com\/index.php\/wp-json\/wp\/v2\/posts\/133767","targetHints":{"allow":["GET"]}}],"collection":[{"href":"https:\/\/cdnoticias.com\/index.php\/wp-json\/wp\/v2\/posts"}],"about":[{"href":"https:\/\/cdnoticias.com\/index.php\/wp-json\/wp\/v2\/types\/post"}],"author":[{"embeddable":true,"href":"https:\/\/cdnoticias.com\/index.php\/wp-json\/wp\/v2\/users\/6"}],"replies":[{"embeddable":true,"href":"https:\/\/cdnoticias.com\/index.php\/wp-json\/wp\/v2\/comments?post=133767"}],"version-history":[{"count":0,"href":"https:\/\/cdnoticias.com\/index.php\/wp-json\/wp\/v2\/posts\/133767\/revisions"}],"wp:featuredmedia":[{"embeddable":true,"href":"https:\/\/cdnoticias.com\/index.php\/wp-json\/wp\/v2\/media\/133769"}],"wp:attachment":[{"href":"https:\/\/cdnoticias.com\/index.php\/wp-json\/wp\/v2\/media?parent=133767"}],"wp:term":[{"taxonomy":"category","embeddable":true,"href":"https:\/\/cdnoticias.com\/index.php\/wp-json\/wp\/v2\/categories?post=133767"},{"taxonomy":"post_tag","embeddable":true,"href":"https:\/\/cdnoticias.com\/index.php\/wp-json\/wp\/v2\/tags?post=133767"}],"curies":[{"name":"wp","href":"https:\/\/api.w.org\/{rel}","templated":true}]}}