{"id":133762,"date":"2025-01-03T08:26:18","date_gmt":"2025-01-03T11:26:18","guid":{"rendered":"https:\/\/cdnoticias.com\/?p=133762"},"modified":"2025-01-03T08:26:19","modified_gmt":"2025-01-03T11:26:19","slug":"karina-gennuso-juro-como-jueza-del-tribunal-oral-2-de-azul","status":"publish","type":"post","link":"https:\/\/cdnoticias.com\/index.php\/2025\/01\/03\/karina-gennuso-juro-como-jueza-del-tribunal-oral-2-de-azul\/","title":{"rendered":"Karina Gennuso jur\u00f3 como jueza del Tribunal Oral 2 de Azul"},"content":{"rendered":"<p>El organismo volvi\u00f3 a tener tres integrantes despu\u00e9s de seis a\u00f1os. Dej\u00f3 vacante la UFI 6 de esa ciudad que ahora subroga la fiscal Paula Serrano de Olavarr\u00eda.<!--more--><\/p>\n<hr \/>\n<p><strong>Seis a\u00f1os despu\u00e9s, el Tribunal Oral en lo Criminal n\u00famero 2 de Azul vuelve a contar con sus tres miembros titulares<\/strong>: se realiz\u00f3 la ceremonia donde asumi\u00f3 como <strong>magistrada Karina Gennuso<\/strong>.<\/p>\n<p>Su pliego fue aprobado por el Senado de la provincia de Buenos Aires y <a href=\"https:\/\/cdnoticias.com\/index.php\/2024\/11\/26\/el-senado-recibio-dos-pliegos-para-designar-funcionarios-judiciales-para-olavarria\/\" target=\"_blank\" rel=\"noopener\">en noviembre se public\u00f3 el decreto del Gobernador<\/a> que estableci\u00f3 la designaci\u00f3n. <a href=\"https:\/\/cdnoticias.com\/index.php\/2024\/12\/02\/albano-gallicchio-juro-como-juez-para-el-tribunal-2-de-azul\/\" target=\"_blank\" rel=\"noopener\">A principios de diciembre<\/a> jur\u00f3 como integrante <strong>Albano Gallicchio<\/strong>. Junto a la jueza <strong>Alejandra Raverta<\/strong>, los tres componen ahora el Tribunal Oral 2.<\/p>\n<p>La ceremonia de asunci\u00f3n estuvo a cargo del camarista penal Carlos Pagliere (h) en el Palacio de Justicia de la vecina ciudad donde <strong>Gennuso jur\u00f3 \u201cAnte Dios\u201d y \u201cpor la Patria\u201d<\/strong>. Precisamente, la ahora Jueza penal reemplazar\u00e1 en el cargo a Pagliere (h), quien hab\u00eda formado parte del TOC 2 hasta que en marzo de 2019 asumi\u00f3 como camarista.<\/p>\n<blockquote><p>Adem\u00e1s, con su asunci\u00f3n como jueza qued\u00f3 vacante la UFI N\u00ba 6 de Azul. La subrogancia se dispuso a cargo de la fiscal Paula Serrano, de residencia en Azul y titular de la UFI N\u00ba 4 de Olavarr\u00eda.<\/p><\/blockquote>\n<p>Foto: <em>Diario El Tiempo<\/em><\/p>\n","protected":false},"excerpt":{"rendered":"<p>El organismo volvi\u00f3 a tener tres integrantes despu\u00e9s de seis a\u00f1os. Dej\u00f3 vacante la UFI 6 de esa ciudad que<\/p>\n","protected":false},"author":4,"featured_media":133763,"comment_status":"closed","ping_status":"closed","sticky":false,"template":"","format":"standard","meta":{"_jetpack_memberships_contains_paid_content":false,"footnotes":""},"categories":[5,1],"tags":[],"class_list":["post-133762","post","type-post","status-publish","format-standard","has-post-thumbnail","hentry","category-informacion-general","category-portada"],"jetpack_featured_media_url":"https:\/\/i0.wp.com\/cdnoticias.com\/wp-content\/uploads\/2025\/01\/karina-gennuso-jueza.jpeg?fit=948%2C533&ssl=1","jetpack_sharing_enabled":true,"_links":{"self":[{"href":"https:\/\/cdnoticias.com\/index.php\/wp-json\/wp\/v2\/posts\/133762","targetHints":{"allow":["GET"]}}],"collection":[{"href":"https:\/\/cdnoticias.com\/index.php\/wp-json\/wp\/v2\/posts"}],"about":[{"href":"https:\/\/cdnoticias.com\/index.php\/wp-json\/wp\/v2\/types\/post"}],"author":[{"embeddable":true,"href":"https:\/\/cdnoticias.com\/index.php\/wp-json\/wp\/v2\/users\/4"}],"replies":[{"embeddable":true,"href":"https:\/\/cdnoticias.com\/index.php\/wp-json\/wp\/v2\/comments?post=133762"}],"version-history":[{"count":0,"href":"https:\/\/cdnoticias.com\/index.php\/wp-json\/wp\/v2\/posts\/133762\/revisions"}],"wp:featuredmedia":[{"embeddable":true,"href":"https:\/\/cdnoticias.com\/index.php\/wp-json\/wp\/v2\/media\/133763"}],"wp:attachment":[{"href":"https:\/\/cdnoticias.com\/index.php\/wp-json\/wp\/v2\/media?parent=133762"}],"wp:term":[{"taxonomy":"category","embeddable":true,"href":"https:\/\/cdnoticias.com\/index.php\/wp-json\/wp\/v2\/categories?post=133762"},{"taxonomy":"post_tag","embeddable":true,"href":"https:\/\/cdnoticias.com\/index.php\/wp-json\/wp\/v2\/tags?post=133762"}],"curies":[{"name":"wp","href":"https:\/\/api.w.org\/{rel}","templated":true}]}}