{"id":133753,"date":"2025-01-02T10:57:34","date_gmt":"2025-01-02T13:57:34","guid":{"rendered":"https:\/\/cdnoticias.com\/?p=133753"},"modified":"2025-01-02T10:57:36","modified_gmt":"2025-01-02T13:57:36","slug":"franchesca-la-primera-bebe-del-ano-en-olavarria","status":"publish","type":"post","link":"https:\/\/cdnoticias.com\/index.php\/2025\/01\/02\/franchesca-la-primera-bebe-del-ano-en-olavarria\/","title":{"rendered":"Franchesca, la primera beb\u00e9 del a\u00f1o en Olavarr\u00eda"},"content":{"rendered":"\n<p>Naci\u00f3 este jueves por la ma\u00f1ana en el Hospital Municipal \u201cDr. H\u00e9ctor Cura\u201d.<\/p>\n\n\n\n<hr class=\"wp-block-separator has-alpha-channel-opacity\"\/>\n\n\n\n<p>A dos d\u00edas del inicio del 2025, la llegada de una nueva vida se hizo esperar hasta la<strong> ma\u00f1ana de este jueves en Olavarr\u00eda.<\/strong><\/p>\n\n\n\n<p><\/p>\n\n\n\n<p>Seg\u00fan se inform\u00f3, <strong>la primera beb\u00e9 del a\u00f1o de nuestra ciudad se llama Franchesca y naci\u00f3 a las 9:01 de este 2 de enero<\/strong> con un peso de 3.590 kilos.<\/p>\n\n\n\n<p><\/p>\n\n\n\n<p>El nacimiento fue a trav\u00e9s de una c<strong>es\u00e1rea programada en el Hospital Municipal \u201cDr. H\u00e9ctor Cura\u201d.<\/strong><\/p>\n\n\n\n<p><\/p>\n\n\n\n<p><strong>Lautaro, el primer beb\u00e9 del a\u00f1o en Argentina<\/strong><\/p>\n\n\n\n<p><\/p>\n\n\n\n<p>Por otra parte, el primer beb\u00e9 del 2025 naci\u00f3 el <strong>1 de enero a las 00:01 en la Cl\u00ednica Montegrande<\/strong>, provincia de Buenos Aires.<\/p>\n\n\n\n<p><\/p>\n\n\n\n<p>Sus padres esperaban la llegada de <strong>Lautaro<\/strong> para este jueves, sin embargo, el parto se adelant\u00f3 y el beb\u00e9 lleg\u00f3 con el inicio del nuevo a\u00f1o.<\/p>\n","protected":false},"excerpt":{"rendered":"<p>Naci\u00f3 este jueves por la ma\u00f1ana en el Hospital Municipal \u201cDr. H\u00e9ctor Cura\u201d. A dos d\u00edas del inicio del 2025,<\/p>\n","protected":false},"author":5,"featured_media":100530,"comment_status":"closed","ping_status":"closed","sticky":false,"template":"","format":"standard","meta":{"_jetpack_memberships_contains_paid_content":false,"footnotes":""},"categories":[5,1],"tags":[],"class_list":["post-133753","post","type-post","status-publish","format-standard","has-post-thumbnail","hentry","category-informacion-general","category-portada"],"jetpack_featured_media_url":"https:\/\/i0.wp.com\/cdnoticias.com\/wp-content\/uploads\/2023\/10\/Salud-Frente-Hospital-1024x682-1.jpeg?fit=1024%2C682&ssl=1","jetpack_sharing_enabled":true,"_links":{"self":[{"href":"https:\/\/cdnoticias.com\/index.php\/wp-json\/wp\/v2\/posts\/133753","targetHints":{"allow":["GET"]}}],"collection":[{"href":"https:\/\/cdnoticias.com\/index.php\/wp-json\/wp\/v2\/posts"}],"about":[{"href":"https:\/\/cdnoticias.com\/index.php\/wp-json\/wp\/v2\/types\/post"}],"author":[{"embeddable":true,"href":"https:\/\/cdnoticias.com\/index.php\/wp-json\/wp\/v2\/users\/5"}],"replies":[{"embeddable":true,"href":"https:\/\/cdnoticias.com\/index.php\/wp-json\/wp\/v2\/comments?post=133753"}],"version-history":[{"count":0,"href":"https:\/\/cdnoticias.com\/index.php\/wp-json\/wp\/v2\/posts\/133753\/revisions"}],"wp:featuredmedia":[{"embeddable":true,"href":"https:\/\/cdnoticias.com\/index.php\/wp-json\/wp\/v2\/media\/100530"}],"wp:attachment":[{"href":"https:\/\/cdnoticias.com\/index.php\/wp-json\/wp\/v2\/media?parent=133753"}],"wp:term":[{"taxonomy":"category","embeddable":true,"href":"https:\/\/cdnoticias.com\/index.php\/wp-json\/wp\/v2\/categories?post=133753"},{"taxonomy":"post_tag","embeddable":true,"href":"https:\/\/cdnoticias.com\/index.php\/wp-json\/wp\/v2\/tags?post=133753"}],"curies":[{"name":"wp","href":"https:\/\/api.w.org\/{rel}","templated":true}]}}