{"id":133744,"date":"2025-01-02T09:59:13","date_gmt":"2025-01-02T12:59:13","guid":{"rendered":"https:\/\/cdnoticias.com\/?p=133744"},"modified":"2025-01-02T12:39:43","modified_gmt":"2025-01-02T15:39:43","slug":"usaba-la-casa-del-bicentenario-como-su-casa-y-tuvieron-que-cambiar-las-cerraduras","status":"publish","type":"post","link":"https:\/\/cdnoticias.com\/index.php\/2025\/01\/02\/usaba-la-casa-del-bicentenario-como-su-casa-y-tuvieron-que-cambiar-las-cerraduras\/","title":{"rendered":"Usaba la Casa del Bicentenario como &#8220;su casa&#8221; y tuvieron que cambiar las cerraduras"},"content":{"rendered":"<p>Se comprob\u00f3 \u201cal inicio de la gesti\u00f3n\u201d de Wesner que un hombre viv\u00eda en una oficina municipal desde 2020. Hubo denuncia. El acusado quiso forzar un acceso.<!--more--><\/p>\n<hr \/>\n<p>El Municipio detect\u00f3 que <strong>un hombre viv\u00eda en una dependencia oficial<\/strong> y, tras una <strong>denuncia penal<\/strong>, se opt\u00f3 por <strong>cambiar las cerraduras para evitar su ingreso<\/strong> tras lo cual el acusado quiso forzar un acceso.<\/p>\n<p>La informaci\u00f3n es <a href=\"https:\/\/cdnoticias.com\/index.php\/2024\/12\/31\/auditoria-exhaustivo-diagnostico-de-gestion-irregularidades-y-cuatro-causas-que-debera-investigar-la-justicia\/\" target=\"_blank\" rel=\"noopener\">parte de la auditor\u00eda<\/a> que se dio a conocer el martes desde el Municipio y detalla las <strong>actuaciones realizadas ante la situaci\u00f3n que se detect\u00f3 \u201cal inicio de la gesti\u00f3n\u201d de Wesner desde la Subsecretar\u00eda de Cultura<\/strong>.<\/p>\n<blockquote><p>La conclusi\u00f3n fue que \u201cestuvo viviendo de manera ilegal durante m\u00e1s de 3 a\u00f1os en un espacio que es patrimonio de la ciudad\u201d.<\/p><\/blockquote>\n<p>Se constat\u00f3 que <strong>desde 2020, en uno de los dormitorios de la Casa del Bicentenario viv\u00eda un hombre<\/strong> quien adem\u00e1s utilizaba los elementos de las oficinas y recib\u00eda visitas, <strong>como si se tratara de su propia casa<\/strong>. La persona fue entrevistada en el \u00e1rea de Cultura municipal y all\u00ed <strong>sostuvo que durante la gesti\u00f3n de Ezequiel Galli se le \u201chabr\u00eda prometido un contrato de guardia nocturna\u201d<\/strong>, aunque tal contrataci\u00f3n nunca qued\u00f3 registrada.<\/p>\n<p><img data-recalc-dims=\"1\" loading=\"lazy\" decoding=\"async\" class=\"size-full wp-image-133745 aligncenter\" src=\"https:\/\/i0.wp.com\/cdnoticias.com\/wp-content\/uploads\/2025\/01\/casa-del-bicentenario-auditoria-00.jpg?resize=800%2C445&#038;ssl=1\" alt=\"\" width=\"800\" height=\"445\" srcset=\"https:\/\/i0.wp.com\/cdnoticias.com\/wp-content\/uploads\/2025\/01\/casa-del-bicentenario-auditoria-00.jpg?w=800&amp;ssl=1 800w, https:\/\/i0.wp.com\/cdnoticias.com\/wp-content\/uploads\/2025\/01\/casa-del-bicentenario-auditoria-00.jpg?resize=300%2C167&amp;ssl=1 300w, https:\/\/i0.wp.com\/cdnoticias.com\/wp-content\/uploads\/2025\/01\/casa-del-bicentenario-auditoria-00.jpg?resize=768%2C427&amp;ssl=1 768w\" sizes=\"auto, (max-width: 800px) 100vw, 800px\" \/><\/p>\n<p>La intenci\u00f3n inicial fue resolver la situaci\u00f3n por lo que se realiz\u00f3 <strong>un informe socioecon\u00f3mico<\/strong> para conocer las condiciones del hombre en cuesti\u00f3n -no presentaba vulnerabilidad- y tambi\u00e9n para <strong>determinar su \u00e1mbito laboral<\/strong>. Halladas las irregularidades <strong>se acord\u00f3 un plazo para que desocupe el inmueble y establecer restricciones para su acceso<\/strong> al edificio, pero el hombre mostr\u00f3<strong> \u201cnula voluntad\u201d<\/strong>.<\/p>\n<p>De esa manera, el entonces Subsecretario de Cultura, Norberto Almeida, realiz\u00f3 la <strong>denuncia correspondiente e inst\u00f3 al ciudadano a abandonar el inmueble<\/strong> en el lapso de 15 d\u00edas. En ese plazo, el hombre<strong> nunca fue hallado por la Polic\u00eda<\/strong>.<\/p>\n<blockquote><p>Tras dos semanas sin novedades, se cambiaron las cerraduras de la Casa del Bicentenario sin previo aviso al ocupante y, al no poder ingresar, intent\u00f3 forzar uno de los accesos. Fue convocado personal policial y el Subsecretario de Protecci\u00f3n Ciudadana, El\u00edas Quintas, con lo que finalmente el hombre se retir\u00f3.<\/p><\/blockquote>\n","protected":false},"excerpt":{"rendered":"<p>Se comprob\u00f3 \u201cal inicio de la gesti\u00f3n\u201d de Wesner que un hombre viv\u00eda en una oficina municipal desde 2020. Hubo<\/p>\n","protected":false},"author":4,"featured_media":50363,"comment_status":"closed","ping_status":"closed","sticky":false,"template":"","format":"standard","meta":{"_jetpack_memberships_contains_paid_content":false,"footnotes":""},"categories":[5,1],"tags":[],"class_list":["post-133744","post","type-post","status-publish","format-standard","has-post-thumbnail","hentry","category-informacion-general","category-portada"],"jetpack_featured_media_url":"https:\/\/i0.wp.com\/cdnoticias.com\/wp-content\/uploads\/2022\/03\/Casa-del-Bicentenario-Drone.jpg?fit=800%2C445&ssl=1","jetpack_sharing_enabled":true,"_links":{"self":[{"href":"https:\/\/cdnoticias.com\/index.php\/wp-json\/wp\/v2\/posts\/133744","targetHints":{"allow":["GET"]}}],"collection":[{"href":"https:\/\/cdnoticias.com\/index.php\/wp-json\/wp\/v2\/posts"}],"about":[{"href":"https:\/\/cdnoticias.com\/index.php\/wp-json\/wp\/v2\/types\/post"}],"author":[{"embeddable":true,"href":"https:\/\/cdnoticias.com\/index.php\/wp-json\/wp\/v2\/users\/4"}],"replies":[{"embeddable":true,"href":"https:\/\/cdnoticias.com\/index.php\/wp-json\/wp\/v2\/comments?post=133744"}],"version-history":[{"count":0,"href":"https:\/\/cdnoticias.com\/index.php\/wp-json\/wp\/v2\/posts\/133744\/revisions"}],"wp:featuredmedia":[{"embeddable":true,"href":"https:\/\/cdnoticias.com\/index.php\/wp-json\/wp\/v2\/media\/50363"}],"wp:attachment":[{"href":"https:\/\/cdnoticias.com\/index.php\/wp-json\/wp\/v2\/media?parent=133744"}],"wp:term":[{"taxonomy":"category","embeddable":true,"href":"https:\/\/cdnoticias.com\/index.php\/wp-json\/wp\/v2\/categories?post=133744"},{"taxonomy":"post_tag","embeddable":true,"href":"https:\/\/cdnoticias.com\/index.php\/wp-json\/wp\/v2\/tags?post=133744"}],"curies":[{"name":"wp","href":"https:\/\/api.w.org\/{rel}","templated":true}]}}