{"id":13372,"date":"2021-02-09T16:55:52","date_gmt":"2021-02-09T19:55:52","guid":{"rendered":"http:\/\/www.centraldenoticias.com.ar\/?p=13372"},"modified":"2021-02-09T17:57:57","modified_gmt":"2021-02-09T20:57:57","slug":"berni-cesanteo-a-400-policias-por-las-protestas-cual-es-la-situacion-en-olavarria","status":"publish","type":"post","link":"https:\/\/cdnoticias.com\/index.php\/2021\/02\/09\/berni-cesanteo-a-400-policias-por-las-protestas-cual-es-la-situacion-en-olavarria\/","title":{"rendered":"Berni cesante\u00f3 a 400 polic\u00edas por las protestas: cu\u00e1l es la situaci\u00f3n en Olavarr\u00eda"},"content":{"rendered":"<p>Finalmente la respuesta del Ministerio lleg\u00f3 y 400 agentes fueron separados de la fuerza. Al momento en Olavarr\u00eda no llegaron notificaciones, pero no se descartar\u00edan sanciones.<!--more--><\/p>\n<hr \/>\n<p>La polic\u00eda Bonaerense vive d\u00edas tensos e intensos, con la atenci\u00f3n acerca de qu\u00e9 suceder\u00e1 en cuesti\u00f3n de pocas horas, m\u00e1s precisamente el pr\u00f3ximo jueves, fecha en la que <a href=\"https:\/\/cdnoticias.com\/index.php\/2021\/02\/02\/nueva-protesta-policial-circula-un-petitorio-y-ya-hay-fecha-de-posible-movilizacion\/\" target=\"_blank\" rel=\"noopener\">est\u00e1 convocada una nueva movilizaci\u00f3n que se iniciar\u00eda en la costa<\/a>, donde se encuentra reunido el mayor n\u00famero de agentes por el Operativo Sol, pero que se prolongar\u00eda al resto de la provincia.<\/p>\n<p>&nbsp;<\/p>\n<p>El listado de reclamos supera los 20 \u00edtems, varios los cuales son los mismos estandartes que fueron elevados <a href=\"https:\/\/cdnoticias.com\/index.php\/2020\/09\/09\/reclamo-policial-el-estallido-es-un-hartazgo-de-la-situacion\/\" target=\"_blank\" rel=\"noopener\">en septiembre, en la masiva e hist\u00f3rica marcha protagonizada por agentes de la fuerza<\/a>. Lo concreto es que en las \u00faltimas horas esa protesta volvi\u00f3 a ser objeto de atenci\u00f3n, ya que e<strong>l Ministerio de Seguridad bonaerense decidi\u00f3 cesantear a 400 efectivos que fueron partes de la protesta<\/strong>.<\/p>\n<p>&nbsp;<\/p>\n<p><img data-recalc-dims=\"1\" loading=\"lazy\" decoding=\"async\" class=\"alignnone size-large wp-image-1197\" src=\"https:\/\/i0.wp.com\/cdnoticias.com\/wp-content\/uploads\/2020\/09\/DSC_8746.jpg?resize=800%2C534&#038;ssl=1\" alt=\"\" width=\"800\" height=\"534\" srcset=\"https:\/\/i0.wp.com\/cdnoticias.com\/wp-content\/uploads\/2020\/09\/DSC_8746.jpg?resize=1024%2C683&amp;ssl=1 1024w, https:\/\/i0.wp.com\/cdnoticias.com\/wp-content\/uploads\/2020\/09\/DSC_8746.jpg?resize=300%2C200&amp;ssl=1 300w, https:\/\/i0.wp.com\/cdnoticias.com\/wp-content\/uploads\/2020\/09\/DSC_8746.jpg?resize=768%2C512&amp;ssl=1 768w, https:\/\/i0.wp.com\/cdnoticias.com\/wp-content\/uploads\/2020\/09\/DSC_8746.jpg?resize=272%2C182&amp;ssl=1 272w, https:\/\/i0.wp.com\/cdnoticias.com\/wp-content\/uploads\/2020\/09\/DSC_8746.jpg?w=1600&amp;ssl=1 1600w, https:\/\/i0.wp.com\/cdnoticias.com\/wp-content\/uploads\/2020\/09\/DSC_8746.jpg?w=2400&amp;ssl=1 2400w\" sizes=\"auto, (max-width: 800px) 100vw, 800px\" \/><\/p>\n<p>&nbsp;<\/p>\n<p>Seg\u00fan public\u00f3 DIB, <strong>\u201clas l\u00edneas de investigaci\u00f3n alcanzan a 1.800 agentes y que los cesanteados confirmados hoy pertenecen a una \u2018primera conclusi\u00f3n\u00b4, por lo que no se descartan m\u00e1s apartamientos\u201d<\/strong>.<\/p>\n<p>&nbsp;<\/p>\n<p>Se agreg\u00f3 que <strong>\u201clos 400 polic\u00edas que fueron separados de la Bonaerense, no prestar\u00e1n servicio, cobrar\u00e1n el 50% de su salario y \u2018muy probablemente\u2019 sean dados de baja de la fuerza<\/strong>&#8220;. &#8220;La medida fue determinada por una resoluci\u00f3n firmada por el Auditor General de Asuntos Internos, Dar\u00edo Ricardo Diaz\u201d, completaron.<\/p>\n<p>&nbsp;<\/p>\n<p><img data-recalc-dims=\"1\" loading=\"lazy\" decoding=\"async\" class=\"alignnone size-large wp-image-1208\" src=\"https:\/\/i0.wp.com\/cdnoticias.com\/wp-content\/uploads\/2020\/09\/DSC_8795.jpg?resize=800%2C534&#038;ssl=1\" alt=\"\" width=\"800\" height=\"534\" srcset=\"https:\/\/i0.wp.com\/cdnoticias.com\/wp-content\/uploads\/2020\/09\/DSC_8795.jpg?resize=1024%2C683&amp;ssl=1 1024w, https:\/\/i0.wp.com\/cdnoticias.com\/wp-content\/uploads\/2020\/09\/DSC_8795.jpg?resize=300%2C200&amp;ssl=1 300w, https:\/\/i0.wp.com\/cdnoticias.com\/wp-content\/uploads\/2020\/09\/DSC_8795.jpg?resize=768%2C512&amp;ssl=1 768w, https:\/\/i0.wp.com\/cdnoticias.com\/wp-content\/uploads\/2020\/09\/DSC_8795.jpg?resize=272%2C182&amp;ssl=1 272w, https:\/\/i0.wp.com\/cdnoticias.com\/wp-content\/uploads\/2020\/09\/DSC_8795.jpg?w=1600&amp;ssl=1 1600w, https:\/\/i0.wp.com\/cdnoticias.com\/wp-content\/uploads\/2020\/09\/DSC_8795.jpg?w=2400&amp;ssl=1 2400w\" sizes=\"auto, (max-width: 800px) 100vw, 800px\" \/><\/p>\n<p>&nbsp;<\/p>\n<p><em><strong>Central de Noticias<\/strong><\/em> dialog\u00f3 con distintas fuentes locales, quienes narraron que al momento <strong>no se habr\u00edan recibido notificaciones de esta \u00edndole en las dependencias locales<\/strong>, aunque debido a lo reciente de la postura ser\u00e1 con el correr de las horas que se decidir\u00e1 la suerte de los agentes que participaron activamente de las protestas. No obstante ello, otros <strong>desconf\u00edan del listado de ascensos que se dio a conocer semanas atr\u00e1s<\/strong>, m\u00e1s precisamente en aquellos que no accedieron a un escalaf\u00f3n superior.<\/p>\n<p>&nbsp;<\/p>\n<p>Lo concreto es que en las \u00faltimas horas desde la c\u00fapula local se habr\u00edan impartido directivas con respecto al pr\u00f3ximo jueves. Las directivas habr\u00edan sido claras en cuanto a la <strong>no utilizaci\u00f3n ya sea de patrulleros como uniforme al momento de ser parte de las protestas<\/strong>. Vale destacar que la utilizaci\u00f3n de la infraestructura de la fuerza para las movilizaciones es un aspecto que es seguido de cerca tanto desde el Gobierno como de la Justicia.<\/p>\n","protected":false},"excerpt":{"rendered":"<p>Finalmente la respuesta del Ministerio lleg\u00f3 y 400 agentes fueron separados de la fuerza. Al momento en Olavarr\u00eda no llegaron<\/p>\n","protected":false},"author":3,"featured_media":1205,"comment_status":"closed","ping_status":"closed","sticky":false,"template":"","format":"standard","meta":{"_jetpack_memberships_contains_paid_content":false,"footnotes":""},"categories":[14,1],"tags":[],"class_list":["post-13372","post","type-post","status-publish","format-standard","has-post-thumbnail","hentry","category-policiales","category-portada"],"jetpack_featured_media_url":"https:\/\/i0.wp.com\/cdnoticias.com\/wp-content\/uploads\/2020\/09\/DSC_8784.jpg?fit=4608%2C3072&ssl=1","jetpack_sharing_enabled":true,"_links":{"self":[{"href":"https:\/\/cdnoticias.com\/index.php\/wp-json\/wp\/v2\/posts\/13372","targetHints":{"allow":["GET"]}}],"collection":[{"href":"https:\/\/cdnoticias.com\/index.php\/wp-json\/wp\/v2\/posts"}],"about":[{"href":"https:\/\/cdnoticias.com\/index.php\/wp-json\/wp\/v2\/types\/post"}],"author":[{"embeddable":true,"href":"https:\/\/cdnoticias.com\/index.php\/wp-json\/wp\/v2\/users\/3"}],"replies":[{"embeddable":true,"href":"https:\/\/cdnoticias.com\/index.php\/wp-json\/wp\/v2\/comments?post=13372"}],"version-history":[{"count":0,"href":"https:\/\/cdnoticias.com\/index.php\/wp-json\/wp\/v2\/posts\/13372\/revisions"}],"wp:featuredmedia":[{"embeddable":true,"href":"https:\/\/cdnoticias.com\/index.php\/wp-json\/wp\/v2\/media\/1205"}],"wp:attachment":[{"href":"https:\/\/cdnoticias.com\/index.php\/wp-json\/wp\/v2\/media?parent=13372"}],"wp:term":[{"taxonomy":"category","embeddable":true,"href":"https:\/\/cdnoticias.com\/index.php\/wp-json\/wp\/v2\/categories?post=13372"},{"taxonomy":"post_tag","embeddable":true,"href":"https:\/\/cdnoticias.com\/index.php\/wp-json\/wp\/v2\/tags?post=13372"}],"curies":[{"name":"wp","href":"https:\/\/api.w.org\/{rel}","templated":true}]}}