{"id":13370,"date":"2021-02-09T16:33:30","date_gmt":"2021-02-09T19:33:30","guid":{"rendered":"http:\/\/www.centraldenoticias.com.ar\/?p=13370"},"modified":"2021-02-09T16:56:05","modified_gmt":"2021-02-09T19:56:05","slug":"olavarria-sigue-en-fase-4-y-no-hay-distritos-en-fase-3","status":"publish","type":"post","link":"https:\/\/cdnoticias.com\/index.php\/2021\/02\/09\/olavarria-sigue-en-fase-4-y-no-hay-distritos-en-fase-3\/","title":{"rendered":"Olavarr\u00eda sigue en Fase 4 y no hay distritos en Fase 3"},"content":{"rendered":"<p>As\u00ed fue informado por la Provincia este martes. De todas maneras, solo 11 partidos se encuentran en Fase 5, la m\u00e1s permisiva del sistema bonaerense.<!--more--><\/p>\n<hr \/>\n<p>Informado por el gobernador Kicillof y sus ministros desde Miramar, donde brindaron una conferencia de prensa, <strong>Olavarr\u00eda contin\u00faa en Fase 4 pero como principal novedad no hay distritos que est\u00e9n en Fase 3: todos avanzaron.<\/strong><\/p>\n<p>&nbsp;<\/p>\n<blockquote><p>De todas maneras, cabe se\u00f1alar que el grueso de distritos est\u00e1 en la Fase 4 (124) y tan s\u00f3lo 11 se encuentran en la Fase m\u00e1s permisiva, la 5.<\/p><\/blockquote>\n<p>&nbsp;<\/p>\n<p>Entre las novedades informadas por gobernaci\u00f3n,<strong> los contagios de Covid-19 bajaron un 14% la primera semana de febrero en comparaci\u00f3n con la \u00faltima de enero.<\/strong><\/p>\n<p>&nbsp;<\/p>\n<blockquote><p>En sinton\u00eda con la baja de casos en general, el jefe de Gabinete, Carlos Bianco, inform\u00f3 que Balcarce \u201cpudo controlar\u201d un foco de contagios y pas\u00f3 de la fase 3 a la 4; mientras que tambi\u00e9n migraron de la 4 a la 5 Coronel Dorrego, Guamin\u00ed y Tres Lomas.<\/p><\/blockquote>\n<p>&nbsp;<\/p>\n<p><em>\u201cSolo tenemos distritos en fase 4 y fase 5 que son las m\u00e1s permisivas en t\u00e9rminos de actividades\u201d<\/em>, indic\u00f3 el funcionario bonaerense. Bianco que tambi\u00e9n iba a pasar a fase 5 general Guido, pero que \u201creci\u00e9n me avis\u00f3 el intendente (Carlos Rocha) que tuvo algunos casos entre los d\u00edas de ayer y hoy\u201d.<\/p>\n<p>&nbsp;<\/p>\n<p>Ahora con solo dos fases ocupadas por los Partidos de la Provincia, cabe se\u00f1alar que<strong> las diferencias est\u00e1n en el horario nocturno (en la primera de ellas tiene un l\u00edmite hasta las 2 de la ma\u00f1ana) y en la cantidad de personas permitidas en reuniones sociales y familiares (10 y 20, respectivamente).<\/strong><\/p>\n","protected":false},"excerpt":{"rendered":"<p>As\u00ed fue informado por la Provincia este martes. De todas maneras, solo 11 partidos se encuentran en Fase 5, la<\/p>\n","protected":false},"author":2,"featured_media":13371,"comment_status":"closed","ping_status":"closed","sticky":false,"template":"","format":"standard","meta":{"_jetpack_memberships_contains_paid_content":false,"footnotes":""},"categories":[5,1],"tags":[],"class_list":["post-13370","post","type-post","status-publish","format-standard","has-post-thumbnail","hentry","category-informacion-general","category-portada"],"jetpack_featured_media_url":"https:\/\/i0.wp.com\/cdnoticias.com\/wp-content\/uploads\/2021\/02\/2021-kicillof-junto-a-intendentes-en-miramar.jpg?fit=597%2C363&ssl=1","jetpack_sharing_enabled":true,"_links":{"self":[{"href":"https:\/\/cdnoticias.com\/index.php\/wp-json\/wp\/v2\/posts\/13370","targetHints":{"allow":["GET"]}}],"collection":[{"href":"https:\/\/cdnoticias.com\/index.php\/wp-json\/wp\/v2\/posts"}],"about":[{"href":"https:\/\/cdnoticias.com\/index.php\/wp-json\/wp\/v2\/types\/post"}],"author":[{"embeddable":true,"href":"https:\/\/cdnoticias.com\/index.php\/wp-json\/wp\/v2\/users\/2"}],"replies":[{"embeddable":true,"href":"https:\/\/cdnoticias.com\/index.php\/wp-json\/wp\/v2\/comments?post=13370"}],"version-history":[{"count":0,"href":"https:\/\/cdnoticias.com\/index.php\/wp-json\/wp\/v2\/posts\/13370\/revisions"}],"wp:featuredmedia":[{"embeddable":true,"href":"https:\/\/cdnoticias.com\/index.php\/wp-json\/wp\/v2\/media\/13371"}],"wp:attachment":[{"href":"https:\/\/cdnoticias.com\/index.php\/wp-json\/wp\/v2\/media?parent=13370"}],"wp:term":[{"taxonomy":"category","embeddable":true,"href":"https:\/\/cdnoticias.com\/index.php\/wp-json\/wp\/v2\/categories?post=13370"},{"taxonomy":"post_tag","embeddable":true,"href":"https:\/\/cdnoticias.com\/index.php\/wp-json\/wp\/v2\/tags?post=13370"}],"curies":[{"name":"wp","href":"https:\/\/api.w.org\/{rel}","templated":true}]}}