{"id":133656,"date":"2024-12-31T19:05:08","date_gmt":"2024-12-31T22:05:08","guid":{"rendered":"https:\/\/cdnoticias.com\/?p=133656"},"modified":"2024-12-31T19:05:10","modified_gmt":"2024-12-31T22:05:10","slug":"mabel-beatriz-burgardt-de-mariani-q-e-p-d","status":"publish","type":"post","link":"https:\/\/cdnoticias.com\/index.php\/2024\/12\/31\/mabel-beatriz-burgardt-de-mariani-q-e-p-d\/","title":{"rendered":"Mabel Beatriz Burgardt de Mariani (Q.E.P.D.)"},"content":{"rendered":"\n<p>Falleci\u00f3 en Olavarr\u00eda el 31 de diciembre de 2024 a los 71 a\u00f1os.<\/p>\n\n\n\n<p>Su esposo Hugo Daniel Mariani. Sus hermanos pol\u00edticos. Sus sobrinos. Sus sobrinos nietos. Sus amigos y dem\u00e1s deudos participan su fallecimiento.<\/p>\n\n\n\n<p>Sin velatorio. Sin responso. Inhumaci\u00f3n: Crematorio Pinos de Paz, d\u00eda y hora a confirmar. Servicio adherido a Coopelectric.&nbsp;<\/p>\n\n\n\n<p>Barrio en el que viv\u00eda: Mariano Moreno.<\/p>\n\n\n\n<p>Lugar de nacimiento: Olavarr\u00eda.<\/p>\n\n\n\n<p>Actividad que desarrollaba: Jubilada Docente.<\/p>\n","protected":false},"excerpt":{"rendered":"<p>Falleci\u00f3 en Olavarr\u00eda el 31 de diciembre de 2024 a los 71 a\u00f1os. Su esposo Hugo Daniel Mariani. Sus hermanos<\/p>\n","protected":false},"author":6,"featured_media":100390,"comment_status":"closed","ping_status":"closed","sticky":false,"template":"","format":"standard","meta":{"_jetpack_memberships_contains_paid_content":false,"footnotes":""},"categories":[10],"tags":[],"class_list":["post-133656","post","type-post","status-publish","format-standard","has-post-thumbnail","hentry","category-necrologicas"],"jetpack_featured_media_url":"https:\/\/i0.wp.com\/cdnoticias.com\/wp-content\/uploads\/2023\/10\/necrologicas-390-x-240.jpg?fit=390%2C240&ssl=1","jetpack_sharing_enabled":true,"_links":{"self":[{"href":"https:\/\/cdnoticias.com\/index.php\/wp-json\/wp\/v2\/posts\/133656","targetHints":{"allow":["GET"]}}],"collection":[{"href":"https:\/\/cdnoticias.com\/index.php\/wp-json\/wp\/v2\/posts"}],"about":[{"href":"https:\/\/cdnoticias.com\/index.php\/wp-json\/wp\/v2\/types\/post"}],"author":[{"embeddable":true,"href":"https:\/\/cdnoticias.com\/index.php\/wp-json\/wp\/v2\/users\/6"}],"replies":[{"embeddable":true,"href":"https:\/\/cdnoticias.com\/index.php\/wp-json\/wp\/v2\/comments?post=133656"}],"version-history":[{"count":0,"href":"https:\/\/cdnoticias.com\/index.php\/wp-json\/wp\/v2\/posts\/133656\/revisions"}],"wp:featuredmedia":[{"embeddable":true,"href":"https:\/\/cdnoticias.com\/index.php\/wp-json\/wp\/v2\/media\/100390"}],"wp:attachment":[{"href":"https:\/\/cdnoticias.com\/index.php\/wp-json\/wp\/v2\/media?parent=133656"}],"wp:term":[{"taxonomy":"category","embeddable":true,"href":"https:\/\/cdnoticias.com\/index.php\/wp-json\/wp\/v2\/categories?post=133656"},{"taxonomy":"post_tag","embeddable":true,"href":"https:\/\/cdnoticias.com\/index.php\/wp-json\/wp\/v2\/tags?post=133656"}],"curies":[{"name":"wp","href":"https:\/\/api.w.org\/{rel}","templated":true}]}}