{"id":13365,"date":"2021-02-09T15:25:50","date_gmt":"2021-02-09T18:25:50","guid":{"rendered":"http:\/\/www.centraldenoticias.com.ar\/?p=13365"},"modified":"2021-02-09T15:25:50","modified_gmt":"2021-02-09T18:25:50","slug":"continua-abierta-la-inscripcion-a-carreras-en-la-facultad-de-ciencias-sociales","status":"publish","type":"post","link":"https:\/\/cdnoticias.com\/index.php\/2021\/02\/09\/continua-abierta-la-inscripcion-a-carreras-en-la-facultad-de-ciencias-sociales\/","title":{"rendered":"Contin\u00faa abierta la inscripci\u00f3n a carreras en la Facultad de Ciencias Sociales"},"content":{"rendered":"<p>El plazo ser\u00e1 hasta el 26 de febrero. Con marzo se iniciar\u00e1 el Curso Introductorio a la Vida Universitaria. Todos los detalles.<!--more--><\/p>\n<hr \/>\n<p>En la Facultad de Ciencias Sociales de la UNICEN <strong>continuar\u00e1 abierto hasta el 26 de febrero el per\u00edodo de inscripci\u00f3n para el ingreso al presente ciclo acad\u00e9mico<\/strong>. Adem\u00e1s, seg\u00fan se agreg\u00f3,<\/p>\n<p>&nbsp;<\/p>\n<p>El plazo rige para las seis carreras de grado que se ofrecen en la Facultad de Ciencias Sociales:<strong> Licenciatura en Comunicaci\u00f3n Social; Licenciatura en Antropolog\u00eda orientaci\u00f3n Social; Licenciatura en Antropolog\u00eda orientaci\u00f3n Arqueolog\u00eda; Periodismo y Profesorados en Comunicaci\u00f3n Social y Antropolog\u00eda<\/strong>, correspondiente al ciclo acad\u00e9mico 2021.<\/p>\n<p>&nbsp;<\/p>\n<blockquote><p>El Curso Introductorio a la Vida Universitaria (CIVU) ser\u00e1 desde el 1 al 26 de marzo a trav\u00e9s de la plataforma Moodle Sociales Virtual.<\/p><\/blockquote>\n<p>&nbsp;<\/p>\n<p>Con respecto al CIVU, se detall\u00f3 que se realizar\u00e1 de manera virtual, id\u00e9ntica modalidad en la que se desarrollar\u00e1n las clases durante el primer cuatrimestre, mediante la plataforma Sociales Virtual,<strong> \u201cgarantizando de esta manera el acceso a la cursada a todos\/as los\/as estudiantes a lo largo del cuatrimestre\u201d<\/strong>, se agreg\u00f3.<\/p>\n<p>&nbsp;<\/p>\n<p>Paulatinamente, en el marco del plan de regreso a la presencialidad que la instituci\u00f3n se encuentra trabajando,<strong> se contempla la combinaci\u00f3n de clases virtuales con clases presenciales<\/strong>, en algunas materias estrat\u00e9gicas para la formaci\u00f3n, ya sea por su componente pr\u00e1ctico o por tratarse de materias de los primeros o \u00faltimos a\u00f1os de las carreras.<\/p>\n<p>&nbsp;<\/p>\n<p><em><strong>Inscripci\u00f3n digital<\/strong><\/em><\/p>\n<p>&nbsp;<\/p>\n<p>El proceso de inscripci\u00f3n se realiza de manera \u00edntegramente virtual a trav\u00e9s de la p\u00e1gina web <a href=\"http:\/\/www.soc.unicen.edu.ar\">www.soc.unicen.edu.ar<\/a>, hasta el 26 de febrero, sin necesidad de que el o la aspirante concurra a la sede de la facultad.<\/p>\n<p>&nbsp;<\/p>\n<p>Al ingresar en la web a la opci\u00f3n de Inscripci\u00f3n a carreras, se debe completar el formulario de preinscripci\u00f3n y guardar como PDF las cuatro planillas que genera el sistema. Una vez resuelta esta instancia, los interesados deber\u00e1n reunir su t\u00edtulo secundario (fotocopia autenticada) o constancia de t\u00edtulo en tr\u00e1mite, fotocopia de DNI y partida de nacimiento y la ficha de salud que se descarga desde el sitio web institucional de la FACSO, y digitalizar toda la documentaci\u00f3n. <strong>En caso de aspirantes que adeuden materias del secundario podr\u00e1n inscribirse presentando certificado de materias adeudadas.<\/strong><\/p>\n<p>&nbsp;<\/p>\n<blockquote class=\"twitter-tweet\" data-width=\"550\" data-dnt=\"true\">\n<p lang=\"es\" dir=\"ltr\">\u00a1Inscripciones abiertas para el Ingreso 2021! <\/p>\n<p>\ud83d\uddd3 Hasta el 26 de febrero est\u00e1 abierto el per\u00edodo de inscripci\u00f3n a las seis carreras de grado que se ofrecen en la FACSO \u2b07\ufe0f <a href=\"https:\/\/t.co\/4eoCwBDnuT\">pic.twitter.com\/4eoCwBDnuT<\/a><\/p>\n<p>&mdash; FACSO UNICEN (@FacsoUnicen) <a href=\"https:\/\/twitter.com\/FacsoUnicen\/status\/1359176364931379200?ref_src=twsrc%5Etfw\">February 9, 2021<\/a><\/p><\/blockquote>\n<p><script async src=\"https:\/\/platform.twitter.com\/widgets.js\" charset=\"utf-8\"><\/script><\/p>\n<p>&nbsp;<\/p>\n<p>Esta documentaci\u00f3n digital y los PDF del formulario de preinscripci\u00f3n, se deber\u00e1 enviar\u00a0 al Departamento de Alumnos \u00fanicamente por e-mail a inscripcioncarrerafacso@gmail.com. <strong>Por consultas sobre este proceso podr\u00e1n comunicarse por Whatsapp de 9 a 13 hs. al n\u00famero 02284 15621525 (se solicita canalizar consultas por medios digitales y evitar concurrir a la sede).<\/strong><\/p>\n<p>&nbsp;<\/p>\n<p>Las consultas para obtener m\u00e1s informaci\u00f3n sobre las\u00a0 carreras deber\u00e1n realizarse exclusivamente por e-mail a f<strong>uturos.estudiantes@soc.unicen.edu.ar o al celular 02284-15500331<\/strong>.<\/p>\n","protected":false},"excerpt":{"rendered":"<p>El plazo ser\u00e1 hasta el 26 de febrero. Con marzo se iniciar\u00e1 el Curso Introductorio a la Vida Universitaria. Todos<\/p>\n","protected":false},"author":3,"featured_media":13366,"comment_status":"closed","ping_status":"closed","sticky":false,"template":"","format":"standard","meta":{"_jetpack_memberships_contains_paid_content":false,"footnotes":""},"categories":[5,1],"tags":[],"class_list":["post-13365","post","type-post","status-publish","format-standard","has-post-thumbnail","hentry","category-informacion-general","category-portada"],"jetpack_featured_media_url":"https:\/\/i0.wp.com\/cdnoticias.com\/wp-content\/uploads\/2021\/02\/sociales.jpg?fit=1366%2C666&ssl=1","jetpack_sharing_enabled":true,"_links":{"self":[{"href":"https:\/\/cdnoticias.com\/index.php\/wp-json\/wp\/v2\/posts\/13365","targetHints":{"allow":["GET"]}}],"collection":[{"href":"https:\/\/cdnoticias.com\/index.php\/wp-json\/wp\/v2\/posts"}],"about":[{"href":"https:\/\/cdnoticias.com\/index.php\/wp-json\/wp\/v2\/types\/post"}],"author":[{"embeddable":true,"href":"https:\/\/cdnoticias.com\/index.php\/wp-json\/wp\/v2\/users\/3"}],"replies":[{"embeddable":true,"href":"https:\/\/cdnoticias.com\/index.php\/wp-json\/wp\/v2\/comments?post=13365"}],"version-history":[{"count":0,"href":"https:\/\/cdnoticias.com\/index.php\/wp-json\/wp\/v2\/posts\/13365\/revisions"}],"wp:featuredmedia":[{"embeddable":true,"href":"https:\/\/cdnoticias.com\/index.php\/wp-json\/wp\/v2\/media\/13366"}],"wp:attachment":[{"href":"https:\/\/cdnoticias.com\/index.php\/wp-json\/wp\/v2\/media?parent=13365"}],"wp:term":[{"taxonomy":"category","embeddable":true,"href":"https:\/\/cdnoticias.com\/index.php\/wp-json\/wp\/v2\/categories?post=13365"},{"taxonomy":"post_tag","embeddable":true,"href":"https:\/\/cdnoticias.com\/index.php\/wp-json\/wp\/v2\/tags?post=13365"}],"curies":[{"name":"wp","href":"https:\/\/api.w.org\/{rel}","templated":true}]}}