{"id":133637,"date":"2024-12-31T14:20:17","date_gmt":"2024-12-31T17:20:17","guid":{"rendered":"https:\/\/cdnoticias.com\/?p=133637"},"modified":"2024-12-31T14:20:19","modified_gmt":"2024-12-31T17:20:19","slug":"perla-mabel-staldeker-de-navarro-perlita-q-e-p-d","status":"publish","type":"post","link":"https:\/\/cdnoticias.com\/index.php\/2024\/12\/31\/perla-mabel-staldeker-de-navarro-perlita-q-e-p-d\/","title":{"rendered":"Perla Mabel Staldeker de Navarro &#8220;Perlita&#8221;  (Q.E.P.D.)"},"content":{"rendered":"<p>Falleci\u00f3 en Olavarr\u00eda el d\u00eda 30 de diciembre de 2024 a los 77 a\u00f1os de edad.<\/p>\n<p>Su esposo: Pedro Oscar Navarro. Su hijo: Marcelo Navarro. Su nuera: Virginia Corominola. Sus nietos Florencia, Miqueas y Agustina Navarro. Sus bisnietos Mateo y Joaquin. Sus hermanos y dem\u00e1s deudos participan su fallecimiento.<\/p>\n<p>Sin velatorio. Sin responso. Cremaci\u00f3n: Crematorio Pinos de Paz, jueves 2 de enero a las 12:30 horas. Servicio adherido a Coopelectric.<\/p>\n<p>Lugar en el que viv\u00eda: Villa Alfredo Fortabat.<\/p>\n<p>Nacida en Olavarr\u00eda.<\/p>\n<p>Actividad que desarrollaba: Jubilada.  <\/p>\n","protected":false},"excerpt":{"rendered":"<p>Falleci\u00f3 en Olavarr\u00eda el d\u00eda 30 de diciembre de 2024 a los 77 a\u00f1os de edad. Su esposo: Pedro Oscar<\/p>\n","protected":false},"author":4,"featured_media":51544,"comment_status":"closed","ping_status":"closed","sticky":false,"template":"","format":"standard","meta":{"_jetpack_memberships_contains_paid_content":false,"footnotes":""},"categories":[10],"tags":[],"class_list":["post-133637","post","type-post","status-publish","format-standard","has-post-thumbnail","hentry","category-necrologicas"],"jetpack_featured_media_url":"https:\/\/i0.wp.com\/cdnoticias.com\/wp-content\/uploads\/2022\/04\/necrologicas-390-x-240.jpg?fit=390%2C240&ssl=1","jetpack_sharing_enabled":true,"_links":{"self":[{"href":"https:\/\/cdnoticias.com\/index.php\/wp-json\/wp\/v2\/posts\/133637","targetHints":{"allow":["GET"]}}],"collection":[{"href":"https:\/\/cdnoticias.com\/index.php\/wp-json\/wp\/v2\/posts"}],"about":[{"href":"https:\/\/cdnoticias.com\/index.php\/wp-json\/wp\/v2\/types\/post"}],"author":[{"embeddable":true,"href":"https:\/\/cdnoticias.com\/index.php\/wp-json\/wp\/v2\/users\/4"}],"replies":[{"embeddable":true,"href":"https:\/\/cdnoticias.com\/index.php\/wp-json\/wp\/v2\/comments?post=133637"}],"version-history":[{"count":0,"href":"https:\/\/cdnoticias.com\/index.php\/wp-json\/wp\/v2\/posts\/133637\/revisions"}],"wp:featuredmedia":[{"embeddable":true,"href":"https:\/\/cdnoticias.com\/index.php\/wp-json\/wp\/v2\/media\/51544"}],"wp:attachment":[{"href":"https:\/\/cdnoticias.com\/index.php\/wp-json\/wp\/v2\/media?parent=133637"}],"wp:term":[{"taxonomy":"category","embeddable":true,"href":"https:\/\/cdnoticias.com\/index.php\/wp-json\/wp\/v2\/categories?post=133637"},{"taxonomy":"post_tag","embeddable":true,"href":"https:\/\/cdnoticias.com\/index.php\/wp-json\/wp\/v2\/tags?post=133637"}],"curies":[{"name":"wp","href":"https:\/\/api.w.org\/{rel}","templated":true}]}}