{"id":133634,"date":"2024-12-31T16:08:13","date_gmt":"2024-12-31T19:08:13","guid":{"rendered":"https:\/\/cdnoticias.com\/?p=133634"},"modified":"2024-12-31T18:38:38","modified_gmt":"2024-12-31T21:38:38","slug":"en-un-allanamiento-encontraron-un-telefono-y-dinero-robados","status":"publish","type":"post","link":"https:\/\/cdnoticias.com\/index.php\/2024\/12\/31\/en-un-allanamiento-encontraron-un-telefono-y-dinero-robados\/","title":{"rendered":"En un allanamiento encontraron un tel\u00e9fono y dinero robados"},"content":{"rendered":"<p>El procedimiento se realiz\u00f3 en Alberdi al 4200. Un hombre de 42 a\u00f1os fue imputado por el robo registrado este lunes.<!--more--><\/p>\n<hr \/>\n<p>Este lunes se denunci\u00f3 en la sede de la seccional Primera el<strong> robo de dinero y un tel\u00e9fono celular de un domicilio ubicado en Col\u00f3n al 1900<\/strong>.<\/p>\n<p>Desde dicha dependencia policial se iniciaron las averiguaciones. <strong>Mediante im\u00e1genes de c\u00e1maras de seguridad se logr\u00f3 establecer la autor\u00eda<\/strong> del caso.<\/p>\n<p>Se inform\u00f3 que se trata de <strong>un hombre de 42 a\u00f1os con antecedentes penales<\/strong>.<\/p>\n<blockquote><p>Los efectivos policiales se presentaron en el domicilio de Alberdi al 4200, donde vive el sospechado, y con anuencia ingresaron a la vivienda donde secuestraron el tel\u00e9fono celular marca Samsung y dinero en efectivo robados. Asimismo, incautaron prendas de vestir que se corresponden con las utilizadas durante la comisi\u00f3n del il\u00edcito.<\/p><\/blockquote>\n<p>El hombre fue notificado de las actuaciones penales en su contra. Se caratulan<strong> \u201crobo &#8211; art\u00edculo 164\u201d<\/strong> con intervenci\u00f3n de la UFI N\u00b0 07 a cargo del fiscal Christian Url\u00e9zaga.<\/p>\n","protected":false},"excerpt":{"rendered":"<p>El procedimiento se realiz\u00f3 en Alberdi al 4200. Un hombre de 42 a\u00f1os fue imputado por el robo registrado este<\/p>\n","protected":false},"author":4,"featured_media":133635,"comment_status":"closed","ping_status":"closed","sticky":false,"template":"","format":"standard","meta":{"_jetpack_memberships_contains_paid_content":false,"footnotes":""},"categories":[14,1],"tags":[],"class_list":["post-133634","post","type-post","status-publish","format-standard","has-post-thumbnail","hentry","category-policiales","category-portada"],"jetpack_featured_media_url":"https:\/\/i0.wp.com\/cdnoticias.com\/wp-content\/uploads\/2024\/12\/alberdi-4200-a.jpg?fit=800%2C444&ssl=1","jetpack_sharing_enabled":true,"_links":{"self":[{"href":"https:\/\/cdnoticias.com\/index.php\/wp-json\/wp\/v2\/posts\/133634","targetHints":{"allow":["GET"]}}],"collection":[{"href":"https:\/\/cdnoticias.com\/index.php\/wp-json\/wp\/v2\/posts"}],"about":[{"href":"https:\/\/cdnoticias.com\/index.php\/wp-json\/wp\/v2\/types\/post"}],"author":[{"embeddable":true,"href":"https:\/\/cdnoticias.com\/index.php\/wp-json\/wp\/v2\/users\/4"}],"replies":[{"embeddable":true,"href":"https:\/\/cdnoticias.com\/index.php\/wp-json\/wp\/v2\/comments?post=133634"}],"version-history":[{"count":0,"href":"https:\/\/cdnoticias.com\/index.php\/wp-json\/wp\/v2\/posts\/133634\/revisions"}],"wp:featuredmedia":[{"embeddable":true,"href":"https:\/\/cdnoticias.com\/index.php\/wp-json\/wp\/v2\/media\/133635"}],"wp:attachment":[{"href":"https:\/\/cdnoticias.com\/index.php\/wp-json\/wp\/v2\/media?parent=133634"}],"wp:term":[{"taxonomy":"category","embeddable":true,"href":"https:\/\/cdnoticias.com\/index.php\/wp-json\/wp\/v2\/categories?post=133634"},{"taxonomy":"post_tag","embeddable":true,"href":"https:\/\/cdnoticias.com\/index.php\/wp-json\/wp\/v2\/tags?post=133634"}],"curies":[{"name":"wp","href":"https:\/\/api.w.org\/{rel}","templated":true}]}}