{"id":133620,"date":"2024-12-31T12:17:33","date_gmt":"2024-12-31T15:17:33","guid":{"rendered":"https:\/\/cdnoticias.com\/?p=133620"},"modified":"2024-12-31T16:31:42","modified_gmt":"2024-12-31T19:31:42","slug":"hcd-quiebre-del-bloque-pro","status":"publish","type":"post","link":"https:\/\/cdnoticias.com\/index.php\/2024\/12\/31\/hcd-quiebre-del-bloque-pro\/","title":{"rendered":"HCD: quiebre del bloque Pro"},"content":{"rendered":"<p>Este lunes tom\u00f3 fuerza la versi\u00f3n y se relacion\u00f3 con la \u201creorganizaci\u00f3n\u201d del Legislativo. La bancada de seis miembros pasar\u00e1 a dos bloques de tres integrantes.<!--more--><\/p>\n<hr \/>\n<p>A lo largo de este lunes tom\u00f3 fuerza la versi\u00f3n del<strong> quiebre de la bancada PRO en el Concejo Deliberante de Olavarr\u00eda<\/strong>.<\/p>\n<p>La novedad se relacion\u00f3 con la <strong>\u201creorganizaci\u00f3n\u201d del Legislativo<\/strong> en cuanto a la <a href=\"https:\/\/cdnoticias.com\/index.php\/2024\/12\/29\/el-concejo-deliberante-en-reorganizacion\/\" target=\"_blank\" rel=\"noopener\">cantidad de asesores y secretarios de las bancadas<\/a>, aunque no se oficializ\u00f3 tal versi\u00f3n.<\/p>\n<blockquote><p>Lo que qued\u00f3 confirmado es que la bancada de seis miembros pasar\u00e1 a dos bloques de tres integrantes.<\/p><\/blockquote>\n<p><strong>Guillermina Amespil, Carlos Coscia y Bruno Cenizo<\/strong> conformar\u00e1n un bloque, mientras que el segundo quedar\u00e1 integrado por <strong>Hilario Galli, Mar\u00eda Jos\u00e9 Gonz\u00e1lez y Miriam Mosescu<\/strong>.<\/p>\n","protected":false},"excerpt":{"rendered":"<p>Este lunes tom\u00f3 fuerza la versi\u00f3n y se relacion\u00f3 con la \u201creorganizaci\u00f3n\u201d del Legislativo. La bancada de seis miembros pasar\u00e1<\/p>\n","protected":false},"author":4,"featured_media":128754,"comment_status":"closed","ping_status":"closed","sticky":false,"template":"","format":"standard","meta":{"_jetpack_memberships_contains_paid_content":false,"footnotes":""},"categories":[4,1],"tags":[],"class_list":["post-133620","post","type-post","status-publish","format-standard","has-post-thumbnail","hentry","category-politica","category-portada"],"jetpack_featured_media_url":"https:\/\/i0.wp.com\/cdnoticias.com\/wp-content\/uploads\/2024\/10\/HCD-bloque-pro-02.jpg?fit=1000%2C556&ssl=1","jetpack_sharing_enabled":true,"_links":{"self":[{"href":"https:\/\/cdnoticias.com\/index.php\/wp-json\/wp\/v2\/posts\/133620","targetHints":{"allow":["GET"]}}],"collection":[{"href":"https:\/\/cdnoticias.com\/index.php\/wp-json\/wp\/v2\/posts"}],"about":[{"href":"https:\/\/cdnoticias.com\/index.php\/wp-json\/wp\/v2\/types\/post"}],"author":[{"embeddable":true,"href":"https:\/\/cdnoticias.com\/index.php\/wp-json\/wp\/v2\/users\/4"}],"replies":[{"embeddable":true,"href":"https:\/\/cdnoticias.com\/index.php\/wp-json\/wp\/v2\/comments?post=133620"}],"version-history":[{"count":0,"href":"https:\/\/cdnoticias.com\/index.php\/wp-json\/wp\/v2\/posts\/133620\/revisions"}],"wp:featuredmedia":[{"embeddable":true,"href":"https:\/\/cdnoticias.com\/index.php\/wp-json\/wp\/v2\/media\/128754"}],"wp:attachment":[{"href":"https:\/\/cdnoticias.com\/index.php\/wp-json\/wp\/v2\/media?parent=133620"}],"wp:term":[{"taxonomy":"category","embeddable":true,"href":"https:\/\/cdnoticias.com\/index.php\/wp-json\/wp\/v2\/categories?post=133620"},{"taxonomy":"post_tag","embeddable":true,"href":"https:\/\/cdnoticias.com\/index.php\/wp-json\/wp\/v2\/tags?post=133620"}],"curies":[{"name":"wp","href":"https:\/\/api.w.org\/{rel}","templated":true}]}}