{"id":13362,"date":"2021-02-09T15:00:11","date_gmt":"2021-02-09T18:00:11","guid":{"rendered":"http:\/\/www.centraldenoticias.com.ar\/?p=13362"},"modified":"2021-02-09T13:59:41","modified_gmt":"2021-02-09T16:59:41","slug":"oficializaron-la-designacion-de-ramos-padilla-como-juez-electoral-bonaerense","status":"publish","type":"post","link":"https:\/\/cdnoticias.com\/index.php\/2021\/02\/09\/oficializaron-la-designacion-de-ramos-padilla-como-juez-electoral-bonaerense\/","title":{"rendered":"Oficializaron la designaci\u00f3n de Ramos Padilla como juez electoral bonaerense"},"content":{"rendered":"<p>El magistrado estar\u00e1 a cargo del Juzgado Federal de Primera Instancia N\u00b0 1 de La Plata.<!--more--><\/p>\n<hr \/>\n<p>El Gobierno Nacional oficializ\u00f3 este martes la designaci\u00f3n de <strong>Alejo Ramos Padilla como juez electoral de la provincia de Buenos Aires, en uno de los tribunales m\u00e1s importantes del pa\u00eds<\/strong>, a cargo de la competencia electoral del territorio bonaerense.<\/p>\n<p>Su designaci\u00f3n fue aprobada la semana pasada con <strong>los votos de senadores del Frente de Todos<\/strong>: 41 positivos frente a los 26 en contra de parte de la oposici\u00f3n que calific\u00f3 a Ramos Padilla de \u201cjuez militante\u201d.<\/p>\n<p>Desde el kirchnerismo lo defendieron, destacaron su \u201cvalent\u00eda\u201d y se\u00f1alaron que fue \u201c<strong>el mejor calificado en el concurso que realiz\u00f3 el Consejo de la Magistratura<\/strong> durante el gobierno anterior: tuvo el mejor puntaje, 94 y 95 puntos\u201d.<\/p>\n<p>Este martes, el Ministerio de Justicia oficializ\u00f3 mediante el <strong>Decreto 81\/2021<\/strong> el nombramiento de Ramos Padilla, como juez del Juzgado Federal de Primera Instancia N\u00b01 de La Plata, que volver\u00e1 a tener un magistrado titular despu\u00e9s de seis a\u00f1os y medio.<\/p>\n<p>Cabe recordar que <strong>en septiembre de 2014 falleci\u00f3 Manuel Blanco, quien estaba a cargo del tribunal desde 1984<\/strong>. Ramos Padilla tendr\u00e1 a su cargo el operativo electoral y cualquier conflicto que se presente al respecto en la provincia de Buenos Aires.<\/p>\n<p>Fuente: <em>Agencia DIB<\/em> &#8211; Foto: <em>T\u00e9lam<\/em><\/p>\n","protected":false},"excerpt":{"rendered":"<p>El magistrado estar\u00e1 a cargo del Juzgado Federal de Primera Instancia N\u00b0 1 de La Plata.<\/p>\n","protected":false},"author":4,"featured_media":13363,"comment_status":"closed","ping_status":"closed","sticky":false,"template":"","format":"standard","meta":{"_jetpack_memberships_contains_paid_content":false,"footnotes":""},"categories":[6],"tags":[],"class_list":["post-13362","post","type-post","status-publish","format-standard","has-post-thumbnail","hentry","category-nacionales"],"jetpack_featured_media_url":"https:\/\/i0.wp.com\/cdnoticias.com\/wp-content\/uploads\/2021\/02\/DIB-Alejo-Ramos-Padilla-696x482.jpg?fit=696%2C482&ssl=1","jetpack_sharing_enabled":true,"_links":{"self":[{"href":"https:\/\/cdnoticias.com\/index.php\/wp-json\/wp\/v2\/posts\/13362","targetHints":{"allow":["GET"]}}],"collection":[{"href":"https:\/\/cdnoticias.com\/index.php\/wp-json\/wp\/v2\/posts"}],"about":[{"href":"https:\/\/cdnoticias.com\/index.php\/wp-json\/wp\/v2\/types\/post"}],"author":[{"embeddable":true,"href":"https:\/\/cdnoticias.com\/index.php\/wp-json\/wp\/v2\/users\/4"}],"replies":[{"embeddable":true,"href":"https:\/\/cdnoticias.com\/index.php\/wp-json\/wp\/v2\/comments?post=13362"}],"version-history":[{"count":0,"href":"https:\/\/cdnoticias.com\/index.php\/wp-json\/wp\/v2\/posts\/13362\/revisions"}],"wp:featuredmedia":[{"embeddable":true,"href":"https:\/\/cdnoticias.com\/index.php\/wp-json\/wp\/v2\/media\/13363"}],"wp:attachment":[{"href":"https:\/\/cdnoticias.com\/index.php\/wp-json\/wp\/v2\/media?parent=13362"}],"wp:term":[{"taxonomy":"category","embeddable":true,"href":"https:\/\/cdnoticias.com\/index.php\/wp-json\/wp\/v2\/categories?post=13362"},{"taxonomy":"post_tag","embeddable":true,"href":"https:\/\/cdnoticias.com\/index.php\/wp-json\/wp\/v2\/tags?post=13362"}],"curies":[{"name":"wp","href":"https:\/\/api.w.org\/{rel}","templated":true}]}}