{"id":133614,"date":"2024-12-31T11:22:14","date_gmt":"2024-12-31T14:22:14","guid":{"rendered":"https:\/\/cdnoticias.com\/?p=133614"},"modified":"2024-12-31T11:22:14","modified_gmt":"2024-12-31T14:22:14","slug":"karina-alejandra-mangieri-kari-q-e-p-d","status":"publish","type":"post","link":"https:\/\/cdnoticias.com\/index.php\/2024\/12\/31\/karina-alejandra-mangieri-kari-q-e-p-d\/","title":{"rendered":"Karina Alejandra Mangieri &#8220;Kari&#8221; (Q.E.P.D.)"},"content":{"rendered":"<p>Falleci\u00f3 en Olavarr\u00eda el d\u00eda 30 de diciembre de 2024 a los 39 a\u00f1os de edad.<\/p>\n<p>Su esposo Fernando Mart\u00ednez. Sus hijos Abby, Adonai y Celena. Sus padres Luis Oscar Mangieri y M\u00f3nica Galasco. Sus hermanos Diego y Veronica Mangieri. Sus padres pol\u00edticos Pichin y Nelly. Sus hermanos pol\u00edticos. Sus sobrinos. Sus t\u00edos. Sus primos y dem\u00e1s deudos participan su fallecimiento.<\/p>\n<p>Velatorio: Sala &#8220;E&#8221; de Espa\u00f1a 2942 comienza 12hs. Responso: Capilla Ardiente. Inhumaci\u00f3n: Loma de Paz, martes 31 de diciembre a las 14:30 hs. Servicio adherido a Coopelectric.<\/p>\n<p>Barrio en el que viv\u00eda: Ituzaingo Norte.<\/p>\n<p>Lugar de nacimiento: Olavarr\u00eda.<\/p>\n<p>Actividad que desarrollaba: Tambera y elaboradora.<\/p>\n","protected":false},"excerpt":{"rendered":"<p>Falleci\u00f3 en Olavarr\u00eda el d\u00eda 30 de diciembre de 2024 a los 39 a\u00f1os de edad. Su esposo Fernando Mart\u00ednez.<\/p>\n","protected":false},"author":4,"featured_media":51544,"comment_status":"closed","ping_status":"closed","sticky":false,"template":"","format":"standard","meta":{"_jetpack_memberships_contains_paid_content":false,"footnotes":""},"categories":[10],"tags":[],"class_list":["post-133614","post","type-post","status-publish","format-standard","has-post-thumbnail","hentry","category-necrologicas"],"jetpack_featured_media_url":"https:\/\/i0.wp.com\/cdnoticias.com\/wp-content\/uploads\/2022\/04\/necrologicas-390-x-240.jpg?fit=390%2C240&ssl=1","jetpack_sharing_enabled":true,"_links":{"self":[{"href":"https:\/\/cdnoticias.com\/index.php\/wp-json\/wp\/v2\/posts\/133614","targetHints":{"allow":["GET"]}}],"collection":[{"href":"https:\/\/cdnoticias.com\/index.php\/wp-json\/wp\/v2\/posts"}],"about":[{"href":"https:\/\/cdnoticias.com\/index.php\/wp-json\/wp\/v2\/types\/post"}],"author":[{"embeddable":true,"href":"https:\/\/cdnoticias.com\/index.php\/wp-json\/wp\/v2\/users\/4"}],"replies":[{"embeddable":true,"href":"https:\/\/cdnoticias.com\/index.php\/wp-json\/wp\/v2\/comments?post=133614"}],"version-history":[{"count":0,"href":"https:\/\/cdnoticias.com\/index.php\/wp-json\/wp\/v2\/posts\/133614\/revisions"}],"wp:featuredmedia":[{"embeddable":true,"href":"https:\/\/cdnoticias.com\/index.php\/wp-json\/wp\/v2\/media\/51544"}],"wp:attachment":[{"href":"https:\/\/cdnoticias.com\/index.php\/wp-json\/wp\/v2\/media?parent=133614"}],"wp:term":[{"taxonomy":"category","embeddable":true,"href":"https:\/\/cdnoticias.com\/index.php\/wp-json\/wp\/v2\/categories?post=133614"},{"taxonomy":"post_tag","embeddable":true,"href":"https:\/\/cdnoticias.com\/index.php\/wp-json\/wp\/v2\/tags?post=133614"}],"curies":[{"name":"wp","href":"https:\/\/api.w.org\/{rel}","templated":true}]}}