{"id":133582,"date":"2024-12-30T18:42:11","date_gmt":"2024-12-30T21:42:11","guid":{"rendered":"https:\/\/cdnoticias.com\/?p=133582"},"modified":"2024-12-31T08:17:11","modified_gmt":"2024-12-31T11:17:11","slug":"comenzo-la-jornada-en-defensa-y-lucha-del-aborto-legal-seguro-y-gratuito","status":"publish","type":"post","link":"https:\/\/cdnoticias.com\/index.php\/2024\/12\/30\/comenzo-la-jornada-en-defensa-y-lucha-del-aborto-legal-seguro-y-gratuito\/","title":{"rendered":"Se realiz\u00f3 la jornada en defensa y lucha del aborto legal, seguro y gratuito"},"content":{"rendered":"\n<p>La actividad se dio en el marco del cuarto aniversario de la aprobaci\u00f3n de la Ley 27.610 que regula el acceso a la interrupci\u00f3n voluntaria y legal del embarazo y la atenci\u00f3n postaborto de todas las personas con capacidad de gestar.<\/p>\n\n\n\n<hr class=\"wp-block-separator aligncenter has-alpha-channel-opacity\"\/>\n\n\n\n<p>Este lunes por la tarde en Insurgente <strong>se reuni\u00f3 la Asamblea Feminista y Disidente de Olavarr\u00eda <\/strong>en una <strong>nueva jornada en defensa y lucha del aborto legal, seguro y gratuito.<\/strong><\/p>\n\n\n\n<p><\/p>\n\n\n\n<p>Asimismo, <strong>comenz\u00f3 la feria de artesanas, charlas y talleres. <\/strong>La actividad se dio en el marco del <strong>cuarto aniversario de la aprobaci\u00f3n de la Ley 27.610 <\/strong>que regula el acceso a la interrupci\u00f3n voluntaria y legal del embarazo y la atenci\u00f3n postaborto de todas las personas con capacidad de gestar.<\/p>\n\n\n\n<p><\/p>\n\n\n\n<figure class=\"wp-block-image aligncenter size-full\"><img data-recalc-dims=\"1\" loading=\"lazy\" decoding=\"async\" width=\"800\" height=\"450\" src=\"https:\/\/i0.wp.com\/cdnoticias.com\/wp-content\/uploads\/2024\/12\/aborto-cuatro-anos3.jpg?resize=800%2C450&#038;ssl=1\" alt=\"\" class=\"wp-image-133585\" srcset=\"https:\/\/i0.wp.com\/cdnoticias.com\/wp-content\/uploads\/2024\/12\/aborto-cuatro-anos3.jpg?w=900&amp;ssl=1 900w, https:\/\/i0.wp.com\/cdnoticias.com\/wp-content\/uploads\/2024\/12\/aborto-cuatro-anos3.jpg?resize=300%2C169&amp;ssl=1 300w, https:\/\/i0.wp.com\/cdnoticias.com\/wp-content\/uploads\/2024\/12\/aborto-cuatro-anos3.jpg?resize=768%2C432&amp;ssl=1 768w\" sizes=\"auto, (max-width: 800px) 100vw, 800px\" \/><\/figure>\n\n\n\n<p><\/p>\n\n\n\n<blockquote class=\"wp-block-quote is-layout-flow wp-block-quote-is-layout-flow\">\n<p>En ese marco, se program\u00f3 la proyecci\u00f3n del documental \u201cMarea verde\u201d que recorre la historia del aborto en la Argentina, visibilizando la lucha feminista que por m\u00e1s de 20 a\u00f1os exigi\u00f3 al estado una respuesta para contrarrestar las muertes de mujeres en abortos clandestinos.&nbsp;Fue presentado en 2022, dirigido por \u00c1ngel Giovanni Hoyos quien tambi\u00e9n es guionista y productor junto a Sol Purri\u00f1os y Gast\u00f3n Scocca.<\/p>\n<\/blockquote>\n\n\n\n<p><\/p>\n\n\n\n<p>Por \u00faltimo, la Asamblea Feminista se pronunci\u00f3 en<strong> rechazo a medidas del actual gobierno nacional: <\/strong>\u201c<em>los derechos sexuales reproductivos y la Educaci\u00f3n Sexual Integral son derechos humanos y como tales se disputan y se defienden contra viento y (en) marea\u201d<\/em> y \u201c<em>repudiamos el desfinanciamiento del gobierno de Milei a la compra de insumos para la implementaci\u00f3n de la ley en todo el territorio nacional\u201d.<\/em><\/p>\n\n\n\n<p><\/p>\n\n\n\n<figure class=\"wp-block-image aligncenter size-full\"><img data-recalc-dims=\"1\" loading=\"lazy\" decoding=\"async\" width=\"800\" height=\"450\" src=\"https:\/\/i0.wp.com\/cdnoticias.com\/wp-content\/uploads\/2024\/12\/aborto-cuatro-anos2.jpg?resize=800%2C450&#038;ssl=1\" alt=\"\" class=\"wp-image-133586\" srcset=\"https:\/\/i0.wp.com\/cdnoticias.com\/wp-content\/uploads\/2024\/12\/aborto-cuatro-anos2.jpg?w=900&amp;ssl=1 900w, https:\/\/i0.wp.com\/cdnoticias.com\/wp-content\/uploads\/2024\/12\/aborto-cuatro-anos2.jpg?resize=300%2C169&amp;ssl=1 300w, https:\/\/i0.wp.com\/cdnoticias.com\/wp-content\/uploads\/2024\/12\/aborto-cuatro-anos2.jpg?resize=768%2C432&amp;ssl=1 768w\" sizes=\"auto, (max-width: 800px) 100vw, 800px\" \/><\/figure>\n\n\n\n<p><\/p>\n","protected":false},"excerpt":{"rendered":"<p>La actividad se dio en el marco del cuarto aniversario de la aprobaci\u00f3n de la Ley 27.610 que regula el<\/p>\n","protected":false},"author":6,"featured_media":133584,"comment_status":"closed","ping_status":"closed","sticky":false,"template":"","format":"standard","meta":{"_jetpack_memberships_contains_paid_content":false,"footnotes":""},"categories":[3,1],"tags":[],"class_list":["post-133582","post","type-post","status-publish","format-standard","has-post-thumbnail","hentry","category-genero","category-portada"],"jetpack_featured_media_url":"https:\/\/i0.wp.com\/cdnoticias.com\/wp-content\/uploads\/2024\/12\/aborto-cuatro-anos4.jpg?fit=900%2C506&ssl=1","jetpack_sharing_enabled":true,"_links":{"self":[{"href":"https:\/\/cdnoticias.com\/index.php\/wp-json\/wp\/v2\/posts\/133582","targetHints":{"allow":["GET"]}}],"collection":[{"href":"https:\/\/cdnoticias.com\/index.php\/wp-json\/wp\/v2\/posts"}],"about":[{"href":"https:\/\/cdnoticias.com\/index.php\/wp-json\/wp\/v2\/types\/post"}],"author":[{"embeddable":true,"href":"https:\/\/cdnoticias.com\/index.php\/wp-json\/wp\/v2\/users\/6"}],"replies":[{"embeddable":true,"href":"https:\/\/cdnoticias.com\/index.php\/wp-json\/wp\/v2\/comments?post=133582"}],"version-history":[{"count":0,"href":"https:\/\/cdnoticias.com\/index.php\/wp-json\/wp\/v2\/posts\/133582\/revisions"}],"wp:featuredmedia":[{"embeddable":true,"href":"https:\/\/cdnoticias.com\/index.php\/wp-json\/wp\/v2\/media\/133584"}],"wp:attachment":[{"href":"https:\/\/cdnoticias.com\/index.php\/wp-json\/wp\/v2\/media?parent=133582"}],"wp:term":[{"taxonomy":"category","embeddable":true,"href":"https:\/\/cdnoticias.com\/index.php\/wp-json\/wp\/v2\/categories?post=133582"},{"taxonomy":"post_tag","embeddable":true,"href":"https:\/\/cdnoticias.com\/index.php\/wp-json\/wp\/v2\/tags?post=133582"}],"curies":[{"name":"wp","href":"https:\/\/api.w.org\/{rel}","templated":true}]}}