{"id":133559,"date":"2024-12-31T19:35:08","date_gmt":"2024-12-31T22:35:08","guid":{"rendered":"https:\/\/cdnoticias.com\/?p=133559"},"modified":"2025-01-01T09:40:36","modified_gmt":"2025-01-01T12:40:36","slug":"un-ano-de-cambio-las-notas-mas-leidas-de-2024","status":"publish","type":"post","link":"https:\/\/cdnoticias.com\/index.php\/2024\/12\/31\/un-ano-de-cambio-las-notas-mas-leidas-de-2024\/","title":{"rendered":"Un a\u00f1o de cambio: las notas m\u00e1s le\u00eddas de 2024"},"content":{"rendered":"<p>Problemas con los servicios, despidos de trabajadores estatales y las condiciones del tiempo estuvieron entre los temas que m\u00e1s convocaron a los lectores de Central de Noticias. Sin dudas, un a\u00f1o que mostr\u00f3 novedades.<!--more--><\/p>\n<hr \/>\n<p>El repaso de<strong> las notas m\u00e1s le\u00eddas del a\u00f1o 2024<\/strong> se\u00f1ala que los problemas con <strong>servicios p\u00fablicos, despidos de trabajadores estatales y las condiciones del tiempo<\/strong> estuvieron entre los temas que m\u00e1s convocaron a los lectores de <strong>Central de Noticias<\/strong>.<\/p>\n<p>Sin dudas, un a\u00f1o que mostr\u00f3 <strong>novedades<\/strong> en este aspecto, ya que habitualmente son otros los temas, de mayor conmoci\u00f3n o impacto inmediato, los que suelen concitar a las audiencias. De esta forma, el listado de las notas m\u00e1s le\u00eddas result\u00f3 sorpresivo.<\/p>\n<p>Los <strong>cobros en las facturas de gas<\/strong> y el <strong>servicio de Cuenta DNI<\/strong> fueron los ejes de las tres notas m\u00e1s le\u00eddas durante 2024, adem\u00e1s estuvieron entre las destacadas por la cantidad de lectores notas sobre los pasajes gratuitos para personas con discapacidad y el anuncio de una empresa que buscar\u00e1 ofrecer vuelos desde Olavarr\u00eda a Buenos Aires. Los <strong>servicios p\u00fablicos, sus cambios en las condiciones de prestaci\u00f3n y la afectaci\u00f3n directa a los usuarios<\/strong> fue uno de los temas m\u00e1s importantes este a\u00f1o.<\/p>\n<p>Volviendo a las notas m\u00e1s le\u00eddas, los <strong>despidos de trabajadores estatales<\/strong> estuvieron entre los temas de mayor preocupaci\u00f3n al menos en el \u00e1mbito local. De igual manera, se destac\u00f3 un informe presentado por <strong>Central Noticias<\/strong> con <strong>datos aportados por la delegaci\u00f3n local del Ministerio de Trabajo<\/strong> sobre los conflictos laborales de los primeros meses del a\u00f1o.<\/p>\n<p>Tambi\u00e9n varias notas sobre <strong>advertencias e informes de las condiciones clim\u00e1ticas<\/strong> publicados en el mes de marzo estuvieron entre las notas que m\u00e1s leyeron los lectores de ese mes. Despu\u00e9s de las graves tormentas del inicio del verano en 2023, <strong>el cierre de la temporada estival tambi\u00e9n fue con lluvias y anegamientos<\/strong> que afectaron a numerosos vecinos de las zonas urbanas.<\/p>\n<h3>Las notas m\u00e1s le\u00eddas:<\/h3>\n<p>1. <a href=\"https:\/\/cdnoticias.com\/index.php\/2024\/07\/02\/facturas-de-gas-camuzzi-explico-el-atraso-en-los-envios-y-cambio-en-los-vencimientos\/\" target=\"_blank\" rel=\"noopener\">Facturas de gas: Camuzzi explic\u00f3 el atraso en los env\u00edos y cambio en los vencimientos<\/a> &#8211; Publicada el 2 de julio<\/p>\n<p>2. <a href=\"https:\/\/cdnoticias.com\/index.php\/2024\/04\/14\/fallas-en-cuenta-dni-banco-provincia-aclaro-que-hubo-inconvenientes\/\" target=\"_blank\" rel=\"noopener\">Fallas en Cuenta DNI: Banco Provincia aclar\u00f3 que \u201chubo inconvenientes\u201d<\/a> &#8211; Publicada el 14 de abril<\/p>\n<p>3. <a href=\"https:\/\/cdnoticias.com\/index.php\/2024\/07\/15\/inquietud-por-las-facturas-de-gas-que-llegaron-con-fuertes-subas\/\" target=\"_blank\" rel=\"noopener\">Inquietud por las facturas de gas que llegaron con fuertes subas<\/a> &#8211; Publicada el 15 de julio<\/p>\n<p>4. <a href=\"https:\/\/cdnoticias.com\/index.php\/2024\/04\/02\/nos-despidieron-a-casi-todos-asamblea-en-olavarria-por-despidos-en-organismos-nacionales\/\" target=\"_blank\" rel=\"noopener\">\u201cNos despidieron a casi todos\u201d: asamblea en Olavarr\u00eda por despidos en organismos nacionales<\/a> &#8211; Publicada el 2 de abril<\/p>\n<p>5. <a href=\"https:\/\/cdnoticias.com\/index.php\/2024\/03\/31\/el-nino-se-enojo-con-nosotros\/\" target=\"_blank\" rel=\"noopener\">\u00bf\u201d El ni\u00f1o\u201d se enoj\u00f3 con nosotros?<\/a> &#8211; Publicada el 31 de marzo<\/p>\n<p>6. <a href=\"https:\/\/cdnoticias.com\/index.php\/2024\/03\/20\/estamos-a-la-espera-de-un-evento-meteorologico-mas-intenso\/\" target=\"_blank\" rel=\"noopener\">\u201cEstamos a la espera de un evento meteorol\u00f3gico m\u00e1s intenso\u201d<\/a> &#8211; Publicada el 20 de marzo<\/p>\n<p>7. <a href=\"https:\/\/cdnoticias.com\/index.php\/2024\/03\/19\/mas-avisos-el-servicio-meteorologico-nacional-anuncio-alerta-naranja-para-olavarria-este-miercoles\/\" target=\"_blank\" rel=\"noopener\">M\u00e1s avisos: el Servicio Meteorol\u00f3gico Nacional anunci\u00f3 \u201calerta naranja\u201d para Olavarr\u00eda este mi\u00e9rcoles<\/a> &#8211; Publicada el 19 de marzo<\/p>\n<p>8. <a href=\"https:\/\/cdnoticias.com\/index.php\/2024\/10\/29\/medida-cautelar-para-garantizar-los-pasajes-gratuitos-de-personas-con-discapacidad\/\" target=\"_blank\" rel=\"noopener\">Medida cautelar para garantizar los pasajes gratuitos de personas con discapacidad<\/a> &#8211; Publicada el 29 de octubre<\/p>\n<p>9. <a href=\"https:\/\/cdnoticias.com\/index.php\/2024\/04\/02\/en-medio-de-la-ola-de-despidos-ate-anuncio-un-nuevo-paro-nacional\/\" target=\"_blank\" rel=\"noopener\">En medio de la ola de despidos, ATE anunci\u00f3 un nuevo paro nacional<\/a> &#8211; Publicada el 2 de abril<\/p>\n<p>10. <a href=\"https:\/\/cdnoticias.com\/index.php\/2024\/06\/10\/descarrilamiento-de-tren-en-pourtale-procesaron-al-conductor-y-a-un-ayudante\/\" target=\"_blank\" rel=\"noopener\">Descarrilamiento de tren en Pourtal\u00e9: procesaron al conductor y a un ayudante<\/a> &#8211; Publicada el 10 de junio<\/p>\n<p>11. <a href=\"https:\/\/cdnoticias.com\/index.php\/2024\/05\/07\/con-la-posible-venta-de-loma-negra-vecinos-de-sierras-bayas-se-esperanzan-por-salvaguardar-la-fabrica-san-martin\/\" target=\"_blank\" rel=\"noopener\">Con la posible venta de Loma Negra, vecinos de Sierras Bayas se esperanzan por salvaguardar la F\u00e1brica San Mart\u00edn<\/a> &#8211; Publicada el 7 de mayo<\/p>\n<p>12.<a href=\"https:\/\/cdnoticias.com\/index.php\/2024\/11\/06\/tenia-celular-de-olavarria-y-quedo-acusado-por-estafas-en-la-region\/\" target=\"_blank\" rel=\"noopener\"> Ten\u00eda celular de Olavarr\u00eda y qued\u00f3 acusado por estafas en la regi\u00f3n<\/a> &#8211; Publicada el 6 de noviembre<\/p>\n<p>13. <a href=\"https:\/\/cdnoticias.com\/index.php\/2024\/04\/19\/decenas-de-despidos-por-dia-en-olavarria-es-una-situacion-nunca-antes-vista\/\" target=\"_blank\" rel=\"noopener\">Decenas de despidos por d\u00eda en Olavarr\u00eda: \u201cEs una situaci\u00f3n nunca antes vista\u201d<\/a> &#8211; Publicada el 19 de abril<\/p>\n<p>14. <a href=\"https:\/\/cdnoticias.com\/index.php\/2024\/04\/24\/premio-record-un-nuevo-millonario-en-olavarria-con-la-quiniela-plus\/\" target=\"_blank\" rel=\"noopener\">Premio r\u00e9cord: un nuevo millonario en Olavarr\u00eda con la Quiniela Plus<\/a> &#8211; Publicada el 24 de abril<\/p>\n<p>15. <a href=\"https:\/\/cdnoticias.com\/index.php\/2024\/10\/21\/conexion-aerea-que-empresa-se-prepara-para-volar-entre-olavarria-y-aeroparque\/\" target=\"_blank\" rel=\"noopener\">\u201cConexi\u00f3n a\u00e9rea\u201d: qu\u00e9 empresa se prepara para volar entre Olavarr\u00eda y Aeroparque<\/a> &#8211; Publicada el 21 de octubre<\/p>\n","protected":false},"excerpt":{"rendered":"<p>Problemas con los servicios, despidos de trabajadores estatales y las condiciones del tiempo estuvieron entre los temas que m\u00e1s convocaron<\/p>\n","protected":false},"author":4,"featured_media":133576,"comment_status":"closed","ping_status":"closed","sticky":false,"template":"","format":"standard","meta":{"_jetpack_memberships_contains_paid_content":false,"footnotes":""},"categories":[5,1],"tags":[],"class_list":["post-133559","post","type-post","status-publish","format-standard","has-post-thumbnail","hentry","category-informacion-general","category-portada"],"jetpack_featured_media_url":"https:\/\/i0.wp.com\/cdnoticias.com\/wp-content\/uploads\/2024\/12\/notas-mas-leidas-2024.jpg?fit=1000%2C557&ssl=1","jetpack_sharing_enabled":true,"_links":{"self":[{"href":"https:\/\/cdnoticias.com\/index.php\/wp-json\/wp\/v2\/posts\/133559","targetHints":{"allow":["GET"]}}],"collection":[{"href":"https:\/\/cdnoticias.com\/index.php\/wp-json\/wp\/v2\/posts"}],"about":[{"href":"https:\/\/cdnoticias.com\/index.php\/wp-json\/wp\/v2\/types\/post"}],"author":[{"embeddable":true,"href":"https:\/\/cdnoticias.com\/index.php\/wp-json\/wp\/v2\/users\/4"}],"replies":[{"embeddable":true,"href":"https:\/\/cdnoticias.com\/index.php\/wp-json\/wp\/v2\/comments?post=133559"}],"version-history":[{"count":0,"href":"https:\/\/cdnoticias.com\/index.php\/wp-json\/wp\/v2\/posts\/133559\/revisions"}],"wp:featuredmedia":[{"embeddable":true,"href":"https:\/\/cdnoticias.com\/index.php\/wp-json\/wp\/v2\/media\/133576"}],"wp:attachment":[{"href":"https:\/\/cdnoticias.com\/index.php\/wp-json\/wp\/v2\/media?parent=133559"}],"wp:term":[{"taxonomy":"category","embeddable":true,"href":"https:\/\/cdnoticias.com\/index.php\/wp-json\/wp\/v2\/categories?post=133559"},{"taxonomy":"post_tag","embeddable":true,"href":"https:\/\/cdnoticias.com\/index.php\/wp-json\/wp\/v2\/tags?post=133559"}],"curies":[{"name":"wp","href":"https:\/\/api.w.org\/{rel}","templated":true}]}}