{"id":133526,"date":"2024-12-29T19:11:05","date_gmt":"2024-12-29T22:11:05","guid":{"rendered":"https:\/\/cdnoticias.com\/?p=133526"},"modified":"2024-12-29T19:11:06","modified_gmt":"2024-12-29T22:11:06","slug":"certificado-unico-de-discapacidad-vencimiento-en-2025-y-prorrogas","status":"publish","type":"post","link":"https:\/\/cdnoticias.com\/index.php\/2024\/12\/29\/certificado-unico-de-discapacidad-vencimiento-en-2025-y-prorrogas\/","title":{"rendered":"Certificado \u00danico de Discapacidad: vencimiento en 2025 y pr\u00f3rrogas"},"content":{"rendered":"<p>El Ministerio de Salud de la provincia advirti\u00f3 sobre la fecha de vencimiento del CUD y la pr\u00f3rroga que corresponde. Las prestaciones previstas para los usuarios.<!--more--><\/p>\n<hr \/>\n<p>El <strong>Ministerio de Salud de la provincia de Buenos Aires<\/strong> inform\u00f3 a la ciudadan\u00eda que <strong>ponga atenci\u00f3n a la fecha de vencimiento que figura en el Certificado \u00danico de Discapacidad (CUD)<\/strong>, ya que todos los que fueron prorrogados desde 2021 <strong>vencen en 2025<\/strong>. En tanto, seg\u00fan inform\u00f3 la cartera sanitaria provincial, todos los que vencen en 2025<strong> tendr\u00e1n una pr\u00f3rroga hasta la misma fecha de 2026<\/strong>.<\/p>\n<p>El Certificado \u00danico de Discapacidad (CUD) es un documento v\u00e1lido en todo el pa\u00eds y permite el acceso a los derechos de las personas con discapacidad, como tambi\u00e9n a las prestaciones previstas por las leyes nacionales 22.431 y 24.901.<\/p>\n<p>Se tramita de manera voluntaria y gratuita. Para realizarlo las personas pueden <strong>acercarse y solicitar informaci\u00f3n en la Oficina de Acceso y Derecho a la Salud<\/strong> m\u00e1s cercana a su domicilio. Para consultar el listado de oficinas que hay en los distintos distritos bonaerenses se puede ingresar al siguiente enlace: <a href=\"https:\/\/www.ms.gba.gov.ar\/sitios\/wp-content\/uploads\/sites\/248\/2024\/03\/LISTADO-OADS-MARZO-2024.pdf\" target=\"_blank\" rel=\"noopener\">Listado de Oficinas de Acceso a la Salud<\/a>.<\/p>\n<p>La evaluaci\u00f3n es realizada por una Junta Evaluadora interdisciplinaria que determina si corresponde la emisi\u00f3n del Certificado \u00danico de Discapacidad. Su tramitaci\u00f3n es voluntaria y gratuita.<\/p>\n<blockquote class=\"twitter-tweet\">\n<p dir=\"ltr\" lang=\"es\">\ud83d\udc49\ud83c\udffc Se tramita de manera voluntaria y gratuita. Para realizarlo las personas pueden acercarse y solicitar informaci\u00f3n en la Oficina de Acceso y Derecho a la Salud m\u00e1s cercana a su domicilio.<\/p>\n<p>M\u00e1s info: <a href=\"https:\/\/t.co\/UtXuq992TD\">https:\/\/t.co\/UtXuq992TD<\/a> <a href=\"https:\/\/t.co\/zi9xZccHMq\">pic.twitter.com\/zi9xZccHMq<\/a><\/p>\n<p>\u2014 SaludBAP (@SaludBAP) <a href=\"https:\/\/twitter.com\/SaludBAP\/status\/1872322860091641917?ref_src=twsrc%5Etfw\">December 26, 2024<\/a><\/p><\/blockquote>\n<p><script async src=\"https:\/\/platform.twitter.com\/widgets.js\" charset=\"utf-8\"><\/script><\/p>\n<p><strong>Derechos establecidos en la legislaci\u00f3n vigente<\/strong> para las personas con discapacidad son las siguientes:<\/p>\n<ul>\n<li><strong>Salud<\/strong>: cobertura del 100% en las prestaciones de rehabilitaci\u00f3n (medicamentos, equipamiento, tratamientos) que requiera en relaci\u00f3n a lo que fue certificado como discapacidad.<\/li>\n<li><strong>Transporte<\/strong>: traslados gratuitos en el transporte p\u00fablico terrestre.<\/li>\n<li><strong>Asignaciones familiares<\/strong>: ayuda escolar anual por hijo con discapacidad, asignaci\u00f3n familiar por hijo con discapacidad, asignaci\u00f3n por c\u00f3nyuge con discapacidad.<\/li>\n<li><strong>Otros tr\u00e1mites<\/strong>: exenci\u00f3n de pago de peajes, impuestos (municipales, patentes, entre otros). En estos casos la exenci\u00f3n debe solicitarse ante la autoridad de aplicaci\u00f3n de cada normativa.<\/li>\n<li><strong>S\u00edmbolo Internacional de acceso<\/strong>: libre estacionamiento, en los lugares permitidos, independientemente del veh\u00edculo en el que te traslades.<\/li>\n<\/ul>\n<p>El formato digital del CUD se puede <strong>tramitar en la aplicaci\u00f3n Mi Argentina<\/strong>. Ese formato coexistir\u00e1 con el documento en soporte papel, que continuar\u00e1n entregando todas las Juntas Evaluadoras de Discapacidad del pa\u00eds.<\/p>\n<p>El CUD digital ser\u00e1 generado autom\u00e1ticamente para aquellas personas mayores de 13 a\u00f1os, con CUD, que posean un perfil digital del ciudadano en Mi Argentina y hayan validado su identidad.<\/p>\n<p>Fuente: <em>Agencia DIB<\/em><\/p>\n","protected":false},"excerpt":{"rendered":"<p>El Ministerio de Salud de la provincia advirti\u00f3 sobre la fecha de vencimiento del CUD y la pr\u00f3rroga que corresponde.<\/p>\n","protected":false},"author":4,"featured_media":133527,"comment_status":"closed","ping_status":"closed","sticky":false,"template":"","format":"standard","meta":{"_jetpack_memberships_contains_paid_content":false,"footnotes":""},"categories":[6,1],"tags":[],"class_list":["post-133526","post","type-post","status-publish","format-standard","has-post-thumbnail","hentry","category-nacionales","category-portada"],"jetpack_featured_media_url":"https:\/\/i0.wp.com\/cdnoticias.com\/wp-content\/uploads\/2024\/12\/certificado-de-dicapacidad-CUD-digital.jpg?fit=800%2C467&ssl=1","jetpack_sharing_enabled":true,"_links":{"self":[{"href":"https:\/\/cdnoticias.com\/index.php\/wp-json\/wp\/v2\/posts\/133526","targetHints":{"allow":["GET"]}}],"collection":[{"href":"https:\/\/cdnoticias.com\/index.php\/wp-json\/wp\/v2\/posts"}],"about":[{"href":"https:\/\/cdnoticias.com\/index.php\/wp-json\/wp\/v2\/types\/post"}],"author":[{"embeddable":true,"href":"https:\/\/cdnoticias.com\/index.php\/wp-json\/wp\/v2\/users\/4"}],"replies":[{"embeddable":true,"href":"https:\/\/cdnoticias.com\/index.php\/wp-json\/wp\/v2\/comments?post=133526"}],"version-history":[{"count":0,"href":"https:\/\/cdnoticias.com\/index.php\/wp-json\/wp\/v2\/posts\/133526\/revisions"}],"wp:featuredmedia":[{"embeddable":true,"href":"https:\/\/cdnoticias.com\/index.php\/wp-json\/wp\/v2\/media\/133527"}],"wp:attachment":[{"href":"https:\/\/cdnoticias.com\/index.php\/wp-json\/wp\/v2\/media?parent=133526"}],"wp:term":[{"taxonomy":"category","embeddable":true,"href":"https:\/\/cdnoticias.com\/index.php\/wp-json\/wp\/v2\/categories?post=133526"},{"taxonomy":"post_tag","embeddable":true,"href":"https:\/\/cdnoticias.com\/index.php\/wp-json\/wp\/v2\/tags?post=133526"}],"curies":[{"name":"wp","href":"https:\/\/api.w.org\/{rel}","templated":true}]}}