{"id":133511,"date":"2024-12-29T17:39:52","date_gmt":"2024-12-29T20:39:52","guid":{"rendered":"https:\/\/cdnoticias.com\/?p=133511"},"modified":"2024-12-29T17:39:54","modified_gmt":"2024-12-29T20:39:54","slug":"gaspar-verna-asumio-la-vicepresidencia-de-la-juventud-radical-bonaerense","status":"publish","type":"post","link":"https:\/\/cdnoticias.com\/index.php\/2024\/12\/29\/gaspar-verna-asumio-la-vicepresidencia-de-la-juventud-radical-bonaerense\/","title":{"rendered":"Gaspar Verna asumi\u00f3 la vicepresidencia de la Juventud Radical bonaerense"},"content":{"rendered":"<p>El acto de asunci\u00f3n se hizo este s\u00e1bado en La Plata. \u201cConf\u00edo en que la Juventud Radical aportar\u00e1 sustantivamente a la renovaci\u00f3n de la pol\u00edtica en la provincia\u201d dijo el olavarriense.<!--more--><\/p>\n<hr \/>\n<p>Este s\u00e1bado 28 se definieron las <strong>autoridades de la Juventud Radical bonaerense<\/strong> en la ciudad de La Plata.<\/p>\n<p>Luego de muchos a\u00f1os, <strong>un olavarriense ocupar\u00e1 uno de los principales lugares<\/strong> de la conducci\u00f3n radical. Se trata de<strong> Gaspar Verna<\/strong>, quien<strong> asumi\u00f3 la vicepresidencia<\/strong> de la hist\u00f3rica agrupaci\u00f3n pol\u00edtica juvenil.<\/p>\n<p><img data-recalc-dims=\"1\" loading=\"lazy\" decoding=\"async\" class=\"size-full wp-image-133512 aligncenter\" src=\"https:\/\/i0.wp.com\/cdnoticias.com\/wp-content\/uploads\/2024\/12\/gaspar-verna-juventud-ucr-02.jpg?resize=800%2C534&#038;ssl=1\" alt=\"\" width=\"800\" height=\"534\" srcset=\"https:\/\/i0.wp.com\/cdnoticias.com\/wp-content\/uploads\/2024\/12\/gaspar-verna-juventud-ucr-02.jpg?w=1000&amp;ssl=1 1000w, https:\/\/i0.wp.com\/cdnoticias.com\/wp-content\/uploads\/2024\/12\/gaspar-verna-juventud-ucr-02.jpg?resize=300%2C200&amp;ssl=1 300w, https:\/\/i0.wp.com\/cdnoticias.com\/wp-content\/uploads\/2024\/12\/gaspar-verna-juventud-ucr-02.jpg?resize=768%2C512&amp;ssl=1 768w, https:\/\/i0.wp.com\/cdnoticias.com\/wp-content\/uploads\/2024\/12\/gaspar-verna-juventud-ucr-02.jpg?resize=272%2C182&amp;ssl=1 272w\" sizes=\"auto, (max-width: 800px) 100vw, 800px\" \/><\/p>\n<blockquote><p>A prop\u00f3sito, Verna expres\u00f3 que \u201cen este momento tan dif\u00edcil que atraviesa el radicalismo, asumir este compromiso es todo un desaf\u00edo. Estoy muy feliz y sin dudas conf\u00edo en que la Juventud Radical aportar\u00e1 sustantivamente a la renovaci\u00f3n de la pol\u00edtica en la provincia, sin caer en extremos populistas de derecha o izquierda\u201d.<\/p><\/blockquote>\n<p>Por otra parte, <strong>la flamante conducci\u00f3n est\u00e1 encabezada por primera vez en la historia del partido por una mujer<\/strong>. La bragadense radicada en La Plata, <strong>Antonela Ciparelli Moreno<\/strong> presidir\u00e1 la JR provincia los pr\u00f3ximos dos a\u00f1os.<\/p>\n","protected":false},"excerpt":{"rendered":"<p>El acto de asunci\u00f3n se hizo este s\u00e1bado en La Plata. \u201cConf\u00edo en que la Juventud Radical aportar\u00e1 sustantivamente a<\/p>\n","protected":false},"author":4,"featured_media":133513,"comment_status":"closed","ping_status":"closed","sticky":false,"template":"","format":"standard","meta":{"_jetpack_memberships_contains_paid_content":false,"footnotes":""},"categories":[4,1],"tags":[],"class_list":["post-133511","post","type-post","status-publish","format-standard","has-post-thumbnail","hentry","category-politica","category-portada"],"jetpack_featured_media_url":"https:\/\/i0.wp.com\/cdnoticias.com\/wp-content\/uploads\/2024\/12\/gaspar-verna-juventud-ucr-00.jpg?fit=1000%2C557&ssl=1","jetpack_sharing_enabled":true,"_links":{"self":[{"href":"https:\/\/cdnoticias.com\/index.php\/wp-json\/wp\/v2\/posts\/133511","targetHints":{"allow":["GET"]}}],"collection":[{"href":"https:\/\/cdnoticias.com\/index.php\/wp-json\/wp\/v2\/posts"}],"about":[{"href":"https:\/\/cdnoticias.com\/index.php\/wp-json\/wp\/v2\/types\/post"}],"author":[{"embeddable":true,"href":"https:\/\/cdnoticias.com\/index.php\/wp-json\/wp\/v2\/users\/4"}],"replies":[{"embeddable":true,"href":"https:\/\/cdnoticias.com\/index.php\/wp-json\/wp\/v2\/comments?post=133511"}],"version-history":[{"count":0,"href":"https:\/\/cdnoticias.com\/index.php\/wp-json\/wp\/v2\/posts\/133511\/revisions"}],"wp:featuredmedia":[{"embeddable":true,"href":"https:\/\/cdnoticias.com\/index.php\/wp-json\/wp\/v2\/media\/133513"}],"wp:attachment":[{"href":"https:\/\/cdnoticias.com\/index.php\/wp-json\/wp\/v2\/media?parent=133511"}],"wp:term":[{"taxonomy":"category","embeddable":true,"href":"https:\/\/cdnoticias.com\/index.php\/wp-json\/wp\/v2\/categories?post=133511"},{"taxonomy":"post_tag","embeddable":true,"href":"https:\/\/cdnoticias.com\/index.php\/wp-json\/wp\/v2\/tags?post=133511"}],"curies":[{"name":"wp","href":"https:\/\/api.w.org\/{rel}","templated":true}]}}