{"id":13349,"date":"2021-02-09T11:41:45","date_gmt":"2021-02-09T14:41:45","guid":{"rendered":"http:\/\/www.centraldenoticias.com.ar\/?p=13349"},"modified":"2021-02-09T13:08:06","modified_gmt":"2021-02-09T16:08:06","slug":"covid-mas-de-15-mil-olavarrienses-se-anotaron-para-vacunarse","status":"publish","type":"post","link":"https:\/\/cdnoticias.com\/index.php\/2021\/02\/09\/covid-mas-de-15-mil-olavarrienses-se-anotaron-para-vacunarse\/","title":{"rendered":"Covid: m\u00e1s de 15 mil olavarrienses se anotaron para vacunarse"},"content":{"rendered":"<p>En los 10 distritos de la Regi\u00f3n Sanitaria IX se registraron m\u00e1s de 52 mil personas en \u201cVacunate PBA\u201d.<!--more--><\/p>\n<hr \/>\n<p>La Provincia de Buenos Aires<a href=\"https:\/\/cdnoticias.com\/index.php\/2020\/12\/24\/vacunate-la-web-donde-te-podes-registrar-para-recibir-la-vacuna-contra-el-covid\/\" target=\"_blank\" rel=\"noopener\"> abri\u00f3 a fines de diciembre<\/a> la inscripci\u00f3n de interesados en<strong> vacunarse contra el Covid<\/strong>. Por el momento, la \u00fanica vacuna disponible en el pa\u00eds en la <strong>Sputnik V<\/strong> desarrollada en el laboratorio Gamaleya, pero el Gobierno Nacional ha negociado la compra de dosis de otros desarrolladores.<\/p>\n<p>En estas siete semanas en que se ha mantenido abierto el registro en <a href=\"https:\/\/vacunatepba.gba.gob.ar\/\" target=\"_blank\" rel=\"noopener\">vacunatepba.gba.gob.ar<\/a>\u00a0<strong>se anotaron 15.262 olavarrienses<\/strong>\u00a0y es el municipio de la Regi\u00f3n Sanitaria IX con m\u00e1s inscriptos -el <strong>29,26%<\/strong>&#8211; ya que, adem\u00e1s, es el que m\u00e1s habitantes tiene.<\/p>\n<blockquote><p>Entre los 10 distritos que componen la Regi\u00f3n IX se han anotado hasta este martes 52.143 vecinos, seg\u00fan los datos a los que accedi\u00f3 Central de Noticias.<\/p><\/blockquote>\n<p><iframe loading=\"lazy\" style=\"border: none;\" title=\"Vacunaci\u00f3n Covid Regi\u00f3n IX\" src=\"https:\/\/e.infogram.com\/25d10c69-cd51-4736-805d-f1011818126d?src=embed\" width=\"700\" height=\"956\" frameborder=\"0\" scrolling=\"no\" allowfullscreen=\"allowfullscreen\"><\/iframe><\/p>\n<div style=\"padding: 8px 0; font-family: Arial!important; font-size: 13px!important; line-height: 15px!important; text-align: center; border-top: 1px solid #dadada; margin: 0 30px; width: 640px;\"><a style=\"color: #989898!important; text-decoration: none!important;\" href=\"https:\/\/infogram.com\/25d10c69-cd51-4736-805d-f1011818126d\" target=\"_blank\" rel=\"noopener\">Vacunaci\u00f3n Covid Regi\u00f3n IX<\/a><br \/>\n<a style=\"color: #989898!important; text-decoration: none!important;\" href=\"https:\/\/infogram.com\" target=\"_blank\" rel=\"nofollow noopener\">Infogram<\/a><\/div>\n<p>&nbsp;<\/p>\n<p>Cabe recordar que la vacunaci\u00f3n es voluntaria con lo que los interesados en recibir la inoculaci\u00f3n <strong>deben registrarse en el sitio web oficial<\/strong>.<\/p>\n<p>El segundo distrito con m\u00e1s anotados en la Regi\u00f3n IX, siempre en l\u00ednea con la proporci\u00f3n de habitantes, es <strong>Azul donde hay 11.202 inscriptos<\/strong>, seguido por Bol\u00edvar con 7.729 y Las Flores con 3999 registrados.<\/p>\n<p>Hasta el momento, <strong>la vacunaci\u00f3n se desarrolla para personal de salud<\/strong> y desde este lunes, para los <a href=\"https:\/\/cdnoticias.com\/index.php\/2021\/02\/08\/aplicaron-las-primeras-60-dosis-de-la-vacuna-sputnik-en-el-hogar-san-vicente-de-paul\/\" target=\"_blank\" rel=\"noopener\">mayores de 60 a\u00f1os alojados en residencias de larga estancia<\/a>. Se espera que en la pr\u00f3xima etapa comience tambi\u00e9n para adultos mayores en general y para docentes.<\/p>\n<p><img data-recalc-dims=\"1\" loading=\"lazy\" decoding=\"async\" class=\"aligncenter wp-image-11292 size-large\" src=\"https:\/\/i0.wp.com\/cdnoticias.com\/wp-content\/uploads\/2021\/01\/WhatsApp-Image-2021-01-12-at-19.23.11.jpeg?resize=800%2C555&#038;ssl=1\" alt=\"\" width=\"800\" height=\"555\" srcset=\"https:\/\/i0.wp.com\/cdnoticias.com\/wp-content\/uploads\/2021\/01\/WhatsApp-Image-2021-01-12-at-19.23.11.jpeg?resize=1024%2C711&amp;ssl=1 1024w, https:\/\/i0.wp.com\/cdnoticias.com\/wp-content\/uploads\/2021\/01\/WhatsApp-Image-2021-01-12-at-19.23.11.jpeg?resize=300%2C208&amp;ssl=1 300w, https:\/\/i0.wp.com\/cdnoticias.com\/wp-content\/uploads\/2021\/01\/WhatsApp-Image-2021-01-12-at-19.23.11.jpeg?resize=768%2C533&amp;ssl=1 768w, https:\/\/i0.wp.com\/cdnoticias.com\/wp-content\/uploads\/2021\/01\/WhatsApp-Image-2021-01-12-at-19.23.11.jpeg?resize=392%2C272&amp;ssl=1 392w, https:\/\/i0.wp.com\/cdnoticias.com\/wp-content\/uploads\/2021\/01\/WhatsApp-Image-2021-01-12-at-19.23.11.jpeg?resize=130%2C90&amp;ssl=1 130w, https:\/\/i0.wp.com\/cdnoticias.com\/wp-content\/uploads\/2021\/01\/WhatsApp-Image-2021-01-12-at-19.23.11.jpeg?w=1280&amp;ssl=1 1280w\" sizes=\"auto, (max-width: 800px) 100vw, 800px\" \/><\/p>\n","protected":false},"excerpt":{"rendered":"<p>En los 10 distritos de la Regi\u00f3n Sanitaria IX se registraron m\u00e1s de 52 mil personas en \u201cVacunate PBA\u201d.<\/p>\n","protected":false},"author":4,"featured_media":13257,"comment_status":"closed","ping_status":"closed","sticky":false,"template":"","format":"standard","meta":{"_jetpack_memberships_contains_paid_content":false,"footnotes":""},"categories":[5,1],"tags":[],"class_list":["post-13349","post","type-post","status-publish","format-standard","has-post-thumbnail","hentry","category-informacion-general","category-portada"],"jetpack_featured_media_url":"https:\/\/i0.wp.com\/cdnoticias.com\/wp-content\/uploads\/2021\/02\/vacunas-ancianos00.jpg?fit=800%2C445&ssl=1","jetpack_sharing_enabled":true,"_links":{"self":[{"href":"https:\/\/cdnoticias.com\/index.php\/wp-json\/wp\/v2\/posts\/13349","targetHints":{"allow":["GET"]}}],"collection":[{"href":"https:\/\/cdnoticias.com\/index.php\/wp-json\/wp\/v2\/posts"}],"about":[{"href":"https:\/\/cdnoticias.com\/index.php\/wp-json\/wp\/v2\/types\/post"}],"author":[{"embeddable":true,"href":"https:\/\/cdnoticias.com\/index.php\/wp-json\/wp\/v2\/users\/4"}],"replies":[{"embeddable":true,"href":"https:\/\/cdnoticias.com\/index.php\/wp-json\/wp\/v2\/comments?post=13349"}],"version-history":[{"count":0,"href":"https:\/\/cdnoticias.com\/index.php\/wp-json\/wp\/v2\/posts\/13349\/revisions"}],"wp:featuredmedia":[{"embeddable":true,"href":"https:\/\/cdnoticias.com\/index.php\/wp-json\/wp\/v2\/media\/13257"}],"wp:attachment":[{"href":"https:\/\/cdnoticias.com\/index.php\/wp-json\/wp\/v2\/media?parent=13349"}],"wp:term":[{"taxonomy":"category","embeddable":true,"href":"https:\/\/cdnoticias.com\/index.php\/wp-json\/wp\/v2\/categories?post=13349"},{"taxonomy":"post_tag","embeddable":true,"href":"https:\/\/cdnoticias.com\/index.php\/wp-json\/wp\/v2\/tags?post=13349"}],"curies":[{"name":"wp","href":"https:\/\/api.w.org\/{rel}","templated":true}]}}