{"id":13346,"date":"2021-02-09T10:04:46","date_gmt":"2021-02-09T13:04:46","guid":{"rendered":"http:\/\/www.centraldenoticias.com.ar\/?p=13346"},"modified":"2021-02-09T10:04:46","modified_gmt":"2021-02-09T13:04:46","slug":"aprehendieron-a-un-hombre-que-circulaba-con-una-moto-con-pedido-de-secuestro","status":"publish","type":"post","link":"https:\/\/cdnoticias.com\/index.php\/2021\/02\/09\/aprehendieron-a-un-hombre-que-circulaba-con-una-moto-con-pedido-de-secuestro\/","title":{"rendered":"Aprehendieron a un hombre que circulaba con una moto con pedido de secuestro"},"content":{"rendered":"<p>Fue en la jornada del lunes, en Trabajadores y Pellegrini. La moto fue secuestrada.<!--more--><\/p>\n<hr \/>\n<p>En la jornada del lunes, <strong>personal de Polic\u00eda Local en conjunto con Comisar\u00eda Segunda aprehendieron a un hombre de 40 a\u00f1os por circular en una moto con pedido de secuestro.<\/strong><\/p>\n<p>&nbsp;<\/p>\n<blockquote><p>El hecho se produjo en el cruce de las avenidas Trabajadores y Pellegrini, cuando se realizaba un operativo de \u201cinterceptaci\u00f3n e identificaci\u00f3n de personas\u201d dispuesto por la Departamental de Olavarr\u00eda.<\/p><\/blockquote>\n<p>&nbsp;<\/p>\n<p>All\u00ed, se detuvo a un hombre a bordo de una Gilera Smash 110cc, que al realizar las consultas pertinentes se averigu\u00f3 por sistema inform\u00e1tico que <strong>ten\u00eda un pedido de secuestro activo desde junio de 2020.<\/strong><\/p>\n<p>&nbsp;<\/p>\n<p>Tras descubrir el hecho, <strong>el hombre fue aprehendido por Encubrimientro y la moto fue secuestrada.<\/strong> Tras ser alojado en la Comisar\u00eda, el acusado qued\u00f3 a disposici\u00f3n del fiscal de la causa, el doctor Christian Url\u00e9zaga, de la UFI N\u00b07.<\/p>\n","protected":false},"excerpt":{"rendered":"<p>Fue en la jornada del lunes, en Trabajadores y Pellegrini. La moto fue secuestrada.<\/p>\n","protected":false},"author":2,"featured_media":13347,"comment_status":"closed","ping_status":"closed","sticky":false,"template":"","format":"standard","meta":{"_jetpack_memberships_contains_paid_content":false,"footnotes":""},"categories":[14,1],"tags":[],"class_list":["post-13346","post","type-post","status-publish","format-standard","has-post-thumbnail","hentry","category-policiales","category-portada"],"jetpack_featured_media_url":"https:\/\/i0.wp.com\/cdnoticias.com\/wp-content\/uploads\/2021\/02\/WhatsApp-Image-2021-02-09-at-08.40.13.jpeg?fit=1032%2C774&ssl=1","jetpack_sharing_enabled":true,"_links":{"self":[{"href":"https:\/\/cdnoticias.com\/index.php\/wp-json\/wp\/v2\/posts\/13346","targetHints":{"allow":["GET"]}}],"collection":[{"href":"https:\/\/cdnoticias.com\/index.php\/wp-json\/wp\/v2\/posts"}],"about":[{"href":"https:\/\/cdnoticias.com\/index.php\/wp-json\/wp\/v2\/types\/post"}],"author":[{"embeddable":true,"href":"https:\/\/cdnoticias.com\/index.php\/wp-json\/wp\/v2\/users\/2"}],"replies":[{"embeddable":true,"href":"https:\/\/cdnoticias.com\/index.php\/wp-json\/wp\/v2\/comments?post=13346"}],"version-history":[{"count":0,"href":"https:\/\/cdnoticias.com\/index.php\/wp-json\/wp\/v2\/posts\/13346\/revisions"}],"wp:featuredmedia":[{"embeddable":true,"href":"https:\/\/cdnoticias.com\/index.php\/wp-json\/wp\/v2\/media\/13347"}],"wp:attachment":[{"href":"https:\/\/cdnoticias.com\/index.php\/wp-json\/wp\/v2\/media?parent=13346"}],"wp:term":[{"taxonomy":"category","embeddable":true,"href":"https:\/\/cdnoticias.com\/index.php\/wp-json\/wp\/v2\/categories?post=13346"},{"taxonomy":"post_tag","embeddable":true,"href":"https:\/\/cdnoticias.com\/index.php\/wp-json\/wp\/v2\/tags?post=13346"}],"curies":[{"name":"wp","href":"https:\/\/api.w.org\/{rel}","templated":true}]}}