{"id":133429,"date":"2024-12-28T10:29:37","date_gmt":"2024-12-28T13:29:37","guid":{"rendered":"https:\/\/cdnoticias.com\/?p=133429"},"modified":"2024-12-28T16:09:08","modified_gmt":"2024-12-28T19:09:08","slug":"pelea-entre-hermanos-dejo-a-un-vecino-herido-de-bala","status":"publish","type":"post","link":"https:\/\/cdnoticias.com\/index.php\/2024\/12\/28\/pelea-entre-hermanos-dejo-a-un-vecino-herido-de-bala\/","title":{"rendered":"Pelea entre hermanos dej\u00f3 a un vecino herido de bala"},"content":{"rendered":"<p>Fue este viernes en Pellegrini y Sa\u00e9nz Pe\u00f1a. El agresor fue arrestado a pocos metros, donde intent\u00f3 ocultarse. La v\u00edctima, de 68 a\u00f1os, result\u00f3 lesionada en una pierna.<!--more--><\/p>\n<hr \/>\n<p>Una <strong>pelea entre dos hermanos<\/strong> dej\u00f3 como saldo a <strong>un vecino herido de bala<\/strong>. La <strong>v\u00edctima, de 68 a\u00f1os, ocasionalmente transitaba por el lugar<\/strong> donde un hombre le dispar\u00f3 a otro con arma de fuego. El <strong>agresor fue aprehendido<\/strong>.<\/p>\n<p>Los hechos se dieron <strong>este viernes en Pellegrini y Sa\u00e9nz Pe\u00f1a<\/strong>. Intervino personal del<strong> Comando de Patrullas<\/strong> convocado a trav\u00e9s del 911 para asistir a una persona que hab\u00eda resultado herida de bala.<\/p>\n<blockquote><p>En el lugar efectivamente hallaron a la v\u00edctima quien fue derivada al Hospital Municipal. Se inform\u00f3 que result\u00f3 herido en la pierna derecha, sin riesgo de vida.<\/p><\/blockquote>\n<p>Los efectivos avanzaron con la averiguaci\u00f3n de lo sucedido. De esa forma, se estableci\u00f3 que<strong> dos hermanos hab\u00edan mantenido un altercado<\/strong> y que<strong> uno de ellos hab\u00eda disparado<\/strong> contra el otro. Se logr\u00f3 <strong>determinar la identidad<\/strong> de los protagonistas del caso y, adem\u00e1s, los polic\u00edas fueron informados de que <strong>quien hab\u00edan efectuado el disparo se encontrar\u00eda en las inmediaciones<\/strong>.<\/p>\n<blockquote><p>En un allanamiento con anuencia lograron dar con el acusado, de 31 a\u00f1os, en un domicilio de Sa\u00e9nz Pe\u00f1a 4638 donde habr\u00eda buscado ocultarse. Inmediatamente qued\u00f3 aprehendido.<\/p><\/blockquote>\n<p>En paralelo se llevaron adelante las <strong>pericias<\/strong> a cargo del personal de <strong>Polic\u00eda Cient\u00edfica<\/strong>. Seg\u00fan trascendi\u00f3, en principio <strong>el arma utilizada no fue hallada<\/strong>.<\/p>\n<p>El acusado fue sometido a la <strong>prueba de dermotest<\/strong> a fin de establecer si utiliz\u00f3 un arma de fuego. Fue <strong>alojado en la Comisar\u00eda Segunda<\/strong> de nuestra ciudad.<\/p>\n<p>Las actuaciones quedaron a cargo de dicha dependencia policial y de la <strong>UFI N\u00ba 7<\/strong> que encabeza el fiscal Christian Url\u00e9zaga. Se caratularon <strong>\u201cabuso de arma y lesiones\u201d.<\/strong><\/p>\n","protected":false},"excerpt":{"rendered":"<p>Fue este viernes en Pellegrini y Sa\u00e9nz Pe\u00f1a. El agresor fue arrestado a pocos metros, donde intent\u00f3 ocultarse. La v\u00edctima,<\/p>\n","protected":false},"author":4,"featured_media":133430,"comment_status":"closed","ping_status":"closed","sticky":false,"template":"","format":"standard","meta":{"_jetpack_memberships_contains_paid_content":false,"footnotes":""},"categories":[14,1],"tags":[],"class_list":["post-133429","post","type-post","status-publish","format-standard","has-post-thumbnail","hentry","category-policiales","category-portada"],"jetpack_featured_media_url":"https:\/\/i0.wp.com\/cdnoticias.com\/wp-content\/uploads\/2024\/12\/pellegrini-y-saenz-pena-herido-de-bala.jpg?fit=800%2C445&ssl=1","jetpack_sharing_enabled":true,"_links":{"self":[{"href":"https:\/\/cdnoticias.com\/index.php\/wp-json\/wp\/v2\/posts\/133429","targetHints":{"allow":["GET"]}}],"collection":[{"href":"https:\/\/cdnoticias.com\/index.php\/wp-json\/wp\/v2\/posts"}],"about":[{"href":"https:\/\/cdnoticias.com\/index.php\/wp-json\/wp\/v2\/types\/post"}],"author":[{"embeddable":true,"href":"https:\/\/cdnoticias.com\/index.php\/wp-json\/wp\/v2\/users\/4"}],"replies":[{"embeddable":true,"href":"https:\/\/cdnoticias.com\/index.php\/wp-json\/wp\/v2\/comments?post=133429"}],"version-history":[{"count":0,"href":"https:\/\/cdnoticias.com\/index.php\/wp-json\/wp\/v2\/posts\/133429\/revisions"}],"wp:featuredmedia":[{"embeddable":true,"href":"https:\/\/cdnoticias.com\/index.php\/wp-json\/wp\/v2\/media\/133430"}],"wp:attachment":[{"href":"https:\/\/cdnoticias.com\/index.php\/wp-json\/wp\/v2\/media?parent=133429"}],"wp:term":[{"taxonomy":"category","embeddable":true,"href":"https:\/\/cdnoticias.com\/index.php\/wp-json\/wp\/v2\/categories?post=133429"},{"taxonomy":"post_tag","embeddable":true,"href":"https:\/\/cdnoticias.com\/index.php\/wp-json\/wp\/v2\/tags?post=133429"}],"curies":[{"name":"wp","href":"https:\/\/api.w.org\/{rel}","templated":true}]}}