{"id":133392,"date":"2024-12-27T12:16:29","date_gmt":"2024-12-27T15:16:29","guid":{"rendered":"https:\/\/cdnoticias.com\/?p=133392"},"modified":"2024-12-27T17:01:37","modified_gmt":"2024-12-27T20:01:37","slug":"la-carrera-de-medicina-fue-acreditada-por-coneau","status":"publish","type":"post","link":"https:\/\/cdnoticias.com\/index.php\/2024\/12\/27\/la-carrera-de-medicina-fue-acreditada-por-coneau\/","title":{"rendered":"La carrera de medicina fue acreditada por CONEAU"},"content":{"rendered":"\n<p>Se dicta en la Facultad de Ciencias de la Salud de la UNICEN. \u201cEstamos orgullosos de haber transitado este proceso con \u00e9xito&#8221;, resaltaron de la casa de altos estudios. <\/p>\n\n\n\n<hr class=\"wp-block-separator has-alpha-channel-opacity\"\/>\n\n\n\n<p>La carrera de Medicina de la Facultad de Ciencias de la Salud de la Universidad Nacional del Centro de la Provincia de Buenos Aires fue presentada en la convocatoria para la acreditaci\u00f3n de carreras de grado en el marco del 2\u00ba ciclo de acreditaci\u00f3n por la UNICEN, que <strong>cumpli\u00f3 con el proceso de evaluaci\u00f3n externa en diciembre de 2022.<\/strong><\/p>\n\n\n\n<p><\/p>\n\n\n\n<p>En el primer ciclo de acreditaci\u00f3n, <strong>la carrera acredit\u00f3 en primera fase por Resoluci\u00f3n N\u00ba 645\/10 y en la segunda fase por Resoluci\u00f3n N\u00ba 983\/14.<\/strong><\/p>\n\n\n\n<p><\/p>\n\n\n\n<p>La carrera de Medicina de la Facultad de Ciencias de la Salud fue evaluada de acuerdo con los procedimientos previstos por el Decreto PEN 173\/96 (arts. 15, 25 y concordantes) y la Ordenanza N\u00b0 75 \u2013 CONEAU.<\/p>\n\n\n\n<p><\/p>\n\n\n\n<p>La CONEAU, a fin de contar con recomendaciones t\u00e9cnicas, constituy\u00f3 Comit\u00e9s de Pares que, en cumplimiento de su tarea, realizaron sus informes a partir de la <strong>aplicaci\u00f3n de los criterios, est\u00e1ndares y procedimientos vigentes. <\/strong>El ente evaluador corri\u00f3 vista del informe de evaluaci\u00f3n y la instituci\u00f3n present\u00f3 su respuesta. El Comit\u00e9 de Pares analiz\u00f3 esta presentaci\u00f3n y produjo sus recomendaciones t\u00e9cnicas en un informe de evaluaci\u00f3n.<\/p>\n\n\n\n<p><\/p>\n\n\n\n<p>Una vez considerado el informe de la carrera por la Subcomisi\u00f3n de Acreditaci\u00f3n de Grado, fue elevado un proyecto de resoluci\u00f3n para su tratamiento por parte del Plenario, quien, previo dictamen de la Asesor\u00eda Letrada, consider\u00f3 el proyecto de Subcomisi\u00f3n y resolvi\u00f3:<\/p>\n\n\n\n<p><\/p>\n\n\n\n<blockquote class=\"wp-block-quote is-layout-flow wp-block-quote-is-layout-flow\">\n<p>\u201cAcreditar con seguimiento por tres a\u00f1os la carrera de Medicina de la Facultad de Ciencias de la Salud de la UNICEN\u201d.<\/p>\n<\/blockquote>\n\n\n\n<p><\/p>\n\n\n\n<p>Desde la Facultad de Ciencias de la Salud resaltaron que \u201c<strong>estamos orgullosos de haber transitado este proceso con \u00e9xito y redoblamos el compromiso para continuar trabajando en una carrera de calidad en defensa de la Educaci\u00f3n P\u00fablica, Universidad P\u00fablica y Salud P\u00fablica<\/strong>, agradeciendo y reconociendo el aporte de cada docente, estudiante, nodocente, graduado y autoridad que fue parte de esta acreditaci\u00f3n\u201d.<\/p>\n","protected":false},"excerpt":{"rendered":"<p>Se dicta en la Facultad de Ciencias de la Salud de la UNICEN. \u201cEstamos orgullosos de haber transitado este proceso<\/p>\n","protected":false},"author":5,"featured_media":109095,"comment_status":"closed","ping_status":"closed","sticky":false,"template":"","format":"standard","meta":{"_jetpack_memberships_contains_paid_content":false,"footnotes":""},"categories":[5,1],"tags":[],"class_list":["post-133392","post","type-post","status-publish","format-standard","has-post-thumbnail","hentry","category-informacion-general","category-portada"],"jetpack_featured_media_url":"https:\/\/i0.wp.com\/cdnoticias.com\/wp-content\/uploads\/2024\/02\/medicina-1.jpeg?fit=800%2C445&ssl=1","jetpack_sharing_enabled":true,"_links":{"self":[{"href":"https:\/\/cdnoticias.com\/index.php\/wp-json\/wp\/v2\/posts\/133392","targetHints":{"allow":["GET"]}}],"collection":[{"href":"https:\/\/cdnoticias.com\/index.php\/wp-json\/wp\/v2\/posts"}],"about":[{"href":"https:\/\/cdnoticias.com\/index.php\/wp-json\/wp\/v2\/types\/post"}],"author":[{"embeddable":true,"href":"https:\/\/cdnoticias.com\/index.php\/wp-json\/wp\/v2\/users\/5"}],"replies":[{"embeddable":true,"href":"https:\/\/cdnoticias.com\/index.php\/wp-json\/wp\/v2\/comments?post=133392"}],"version-history":[{"count":0,"href":"https:\/\/cdnoticias.com\/index.php\/wp-json\/wp\/v2\/posts\/133392\/revisions"}],"wp:featuredmedia":[{"embeddable":true,"href":"https:\/\/cdnoticias.com\/index.php\/wp-json\/wp\/v2\/media\/109095"}],"wp:attachment":[{"href":"https:\/\/cdnoticias.com\/index.php\/wp-json\/wp\/v2\/media?parent=133392"}],"wp:term":[{"taxonomy":"category","embeddable":true,"href":"https:\/\/cdnoticias.com\/index.php\/wp-json\/wp\/v2\/categories?post=133392"},{"taxonomy":"post_tag","embeddable":true,"href":"https:\/\/cdnoticias.com\/index.php\/wp-json\/wp\/v2\/tags?post=133392"}],"curies":[{"name":"wp","href":"https:\/\/api.w.org\/{rel}","templated":true}]}}