{"id":133389,"date":"2024-12-27T19:20:03","date_gmt":"2024-12-27T22:20:03","guid":{"rendered":"https:\/\/cdnoticias.com\/?p=133389"},"modified":"2024-12-27T19:20:04","modified_gmt":"2024-12-27T22:20:04","slug":"ciie-propuestas-de-capacitacion-en-servicio-para-docentes","status":"publish","type":"post","link":"https:\/\/cdnoticias.com\/index.php\/2024\/12\/27\/ciie-propuestas-de-capacitacion-en-servicio-para-docentes\/","title":{"rendered":"CIIE: Propuestas de capacitaci\u00f3n en servicio para docentes"},"content":{"rendered":"\n<p>Se encuentra abierta la inscripci\u00f3n a los talleres gratuitos, con puntaje que se dictar\u00e1n entre el 17 y el 28 de febrero.<\/p>\n\n\n\n<hr class=\"wp-block-separator has-alpha-channel-opacity\"\/>\n\n\n\n<p>El Centro de Capacitaci\u00f3n, Informaci\u00f3n e Investigaci\u00f3n Educativa (CIIE) &#8220;Gabriela Eugui&#8221; del distrito de Olavarr\u00eda, organismo dependiente de la Direcci\u00f3n de Formaci\u00f3n Docente Permanente de la Provincia de Buenos Aires, inform\u00f3 a la comunidad docente que se encuentra abierta la inscripci\u00f3n a los talleres de capacitaci\u00f3n gratuitos, con puntaje y en servicio.<\/p>\n\n\n\n<p><\/p>\n\n\n\n<p>Se dictar\u00e1n entre el lunes 17 y el viernes 28 de febrero. Las diferentes propuestas formativas presenciales son las siguientes:<\/p>\n\n\n\n<p><\/p>\n\n\n\n<p><strong>Generalista, Nivel Inicial. <\/strong>&#8220;Ense\u00f1ar y aprender en los \u00c1mbitos Rurales y de Islas Bonaerenses: la continuidad pedag\u00f3gica&#8221;, a cargo de la formadora Patricia Ambrosis.<\/p>\n\n\n\n<p><\/p>\n\n\n\n<p><strong>Ciencias Naturales, Nivel Primario.<\/strong> &#8220;Explorando los materiales y el sonido en Ciencias Naturales en el nivel primario&#8221;, a cargo de la formadora Gabriela Alonso.<\/p>\n\n\n\n<p><\/p>\n\n\n\n<p><strong>Pr\u00e1cticas del Lenguaje, Nivel Secundario.<\/strong> &#8220;La intensificaci\u00f3n de la ense\u00f1anza y acompa\u00f1amiento a las trayectorias estudiantiles en las aulas de Pr\u00e1cticas del Lenguaje y Literatura del Nivel Secundario&#8221;, a cargo de la formadora Magal\u00ed Barriga.<\/p>\n\n\n\n<p><\/p>\n\n\n\n<p><strong>Historia, Nivel Secundario.<\/strong> &#8220;Ense\u00f1ar M\u00e1s Historia: intensificaci\u00f3n y profundizaci\u00f3n de la ense\u00f1anza en las aulas bonaerenses&#8221;, a cargo de la formadora Lucrecia Pasos.<\/p>\n\n\n\n<p><\/p>\n\n\n\n<p><strong>Educaci\u00f3n Art\u00edstica, Nivel Secundario.<\/strong> &#8220;Arte y Derechos Humanos: propuestas de ense\u00f1anza&#8221;, a cargo de la formadora Edicita Sarragoicochea.<\/p>\n\n\n\n<p><\/p>\n\n\n\n<p><strong>Ingl\u00e9s, Nivel Primario y Secundario.<\/strong> &#8220;M\u00e1s all\u00e1 de las palabras: Comprensi\u00f3n lectora en el aula de ingl\u00e9s como fundamento de intensificaci\u00f3n integral de la alfabetizaci\u00f3n en contextos escolares&#8221;, a cargo del formador Juan Ignacio Palacio.<\/p>\n\n\n\n<p><\/p>\n\n\n\n<p><strong>Educaci\u00f3n de Adultos.<\/strong> &#8220;La lectura y la escritura en el curr\u00edculum integrado de la Educaci\u00f3n de J\u00f3venes, Adultos y Adultos Mayores: aportes al proyecto de acci\u00f3n&#8221;, a cargo de la formadora Romina Caminada.<\/p>\n\n\n\n<p><\/p>\n\n\n\n<p><strong>ESI y Perspectiva de G\u00e9nero, todos los niveles y modalidades. <\/strong>&#8220;Cuidado del cuerpo y la salud desde la ESI&#8221;, a cargo de la formadora Patricia P\u00e9rez.<\/p>\n\n\n\n<p><\/p>\n\n\n\n<p><strong>Cultura Digital, todos los niveles y modalidades. <\/strong>&#8220;La Centralidad de la Ense\u00f1anza: el trabajo con im\u00e1genes digitales en la escuela&#8221;, a cargo del formador Maximiliano Peret.<\/p>\n\n\n\n<p><\/p>\n\n\n\n<p>Las y los docentes interesados podr\u00e1n inscribirse ingresando al sitio web del CIIE:<a href=\" https:\/\/abc.gob.ar\/ciie\/olavarria\"> https:\/\/abc.gob.ar\/ciie\/olavarria<\/a>, al pie encontrar\u00e1n las distintas propuestas formativas con los enlaces a los formularios de inscripci\u00f3n.<\/p>\n","protected":false},"excerpt":{"rendered":"<p>Se encuentra abierta la inscripci\u00f3n a los talleres gratuitos, con puntaje que se dictar\u00e1n entre el 17 y el 28<\/p>\n","protected":false},"author":5,"featured_media":133390,"comment_status":"closed","ping_status":"closed","sticky":false,"template":"","format":"standard","meta":{"_jetpack_memberships_contains_paid_content":false,"footnotes":""},"categories":[5,1],"tags":[],"class_list":["post-133389","post","type-post","status-publish","format-standard","has-post-thumbnail","hentry","category-informacion-general","category-portada"],"jetpack_featured_media_url":"https:\/\/i0.wp.com\/cdnoticias.com\/wp-content\/uploads\/2024\/12\/CIIE.jpg?fit=800%2C445&ssl=1","jetpack_sharing_enabled":true,"_links":{"self":[{"href":"https:\/\/cdnoticias.com\/index.php\/wp-json\/wp\/v2\/posts\/133389","targetHints":{"allow":["GET"]}}],"collection":[{"href":"https:\/\/cdnoticias.com\/index.php\/wp-json\/wp\/v2\/posts"}],"about":[{"href":"https:\/\/cdnoticias.com\/index.php\/wp-json\/wp\/v2\/types\/post"}],"author":[{"embeddable":true,"href":"https:\/\/cdnoticias.com\/index.php\/wp-json\/wp\/v2\/users\/5"}],"replies":[{"embeddable":true,"href":"https:\/\/cdnoticias.com\/index.php\/wp-json\/wp\/v2\/comments?post=133389"}],"version-history":[{"count":0,"href":"https:\/\/cdnoticias.com\/index.php\/wp-json\/wp\/v2\/posts\/133389\/revisions"}],"wp:featuredmedia":[{"embeddable":true,"href":"https:\/\/cdnoticias.com\/index.php\/wp-json\/wp\/v2\/media\/133390"}],"wp:attachment":[{"href":"https:\/\/cdnoticias.com\/index.php\/wp-json\/wp\/v2\/media?parent=133389"}],"wp:term":[{"taxonomy":"category","embeddable":true,"href":"https:\/\/cdnoticias.com\/index.php\/wp-json\/wp\/v2\/categories?post=133389"},{"taxonomy":"post_tag","embeddable":true,"href":"https:\/\/cdnoticias.com\/index.php\/wp-json\/wp\/v2\/tags?post=133389"}],"curies":[{"name":"wp","href":"https:\/\/api.w.org\/{rel}","templated":true}]}}