{"id":133347,"date":"2024-12-26T18:02:45","date_gmt":"2024-12-26T21:02:45","guid":{"rendered":"https:\/\/cdnoticias.com\/?p=133347"},"modified":"2024-12-26T18:02:47","modified_gmt":"2024-12-26T21:02:47","slug":"incertidumbre-por-los-50-000-contratos-de-estatales-que-se-vencen-a-fin-de-ano","status":"publish","type":"post","link":"https:\/\/cdnoticias.com\/index.php\/2024\/12\/26\/incertidumbre-por-los-50-000-contratos-de-estatales-que-se-vencen-a-fin-de-ano\/","title":{"rendered":"Incertidumbre por los 50.000 contratos de estatales que se vencen a fin de a\u00f1o"},"content":{"rendered":"\n<p>El Presidente avis\u00f3 meses atr\u00e1s que seguir\u00e1n echando trabajadores para achicar el Estado. Los gremios en alerta piden la renovaci\u00f3n de esos puestos.<\/p>\n\n\n\n<hr class=\"wp-block-separator aligncenter has-alpha-channel-opacity\"\/>\n\n\n\n<p>A la espera que se terminen los <strong>\u201cex\u00e1menes de idoneidad\u201d<\/strong> que deben enfrentar los empleados p\u00fablicos nacionales, entre los gremios<strong> crece la incertidumbre porque el 31 de diciembre caducar\u00e1n alrededor de 50.000 contratos <\/strong>y <strong>el Gobierno de Javier Milei no dio pistas sobre qu\u00e9 pasar\u00e1.<\/strong><\/p>\n\n\n\n<p><\/p>\n\n\n\n<p>Pese a que a\u00fan no se defini\u00f3 la continuidad o la baja de los estatales, por los dichos del propio Javier Milei<strong> se prev\u00e9 un fuerte recorte,<\/strong> en l\u00ednea con lo que sucedi\u00f3 la semana pasada en el Ministerio de Justicia, que ech\u00f3 a 2400 personas, en Trenes Argentinos 1388 o los m\u00e1s de 800 en la exAFIP.<\/p>\n\n\n\n<p><\/p>\n\n\n\n<p><em>\u201cEl ajuste signific\u00f3 llevar la cantidad de ministerios a la mitad y eso redujo la estructura del Estado a la mitad. Y eso no fue gratis porque obviamente echamos gente. En materia de contratos vamos a terminar echando 75 mil personas, llevamos 25 mil\u201d,<\/em> dijo Milei en junio.<\/p>\n\n\n\n<p><\/p>\n\n\n\n<blockquote class=\"wp-block-quote is-layout-flow wp-block-quote-is-layout-flow\">\n<p>Seg\u00fan ATE, la administraci\u00f3n libertaria ya avanz\u00f3 con casi 30.000 despidos. Es decir, si la amenaza ret\u00f3rica del Presidente se traslada a los hechos, ser\u00e1n muy pocos los contratos de ese universo de 50.000 que se terminan los que se renueven en 2025.<\/p>\n<\/blockquote>\n\n\n\n<p><\/p>\n\n\n\n<p>En este contexto, tanto ATE, liderado por Rodolfo Aguiar, como UPCN de Andr\u00e9s Rodr\u00edguez, <strong>reclamaron la renovaci\u00f3n autom\u00e1tica<\/strong> de todos los v\u00ednculos y una <strong>recomposici\u00f3n salarial de emergencia.\u00a0<\/strong><\/p>\n\n\n\n<p><\/p>\n\n\n\n<p>\u201cEs imperiosa la necesidad de que <strong>se reabran las negociaciones antes de fin de a\u00f1o<\/strong>. El ajuste aplicado en el sector p\u00fablico durante el 2024 destruy\u00f3 todos los salarios\u201d, dijo Aguiar, al tiempo que se\u00f1al\u00f3 que <strong>\u201cel 31 de diciembre no puede existir un solo despido en el Estado. Se debe garantizar la continuidad de todos los contratos\u201d.<\/strong><\/p>\n\n\n\n<p><\/p>\n\n\n\n<p>La falta de certezas sobre el futuro laboral gener\u00f3 incertidumbre entre los trabajadores estatales.\u00a0Desde ATE advirtieron que, de no obtener respuestas, se podr\u00edan convocar<strong> acciones en defensa de los puestos de trabajo, <\/strong>al tiempo que pidieron que se priorice el di\u00e1logo para resolver la crisis en el sector p\u00fablico. Por \u00faltimo, se habla de un<strong> eventual paro sectorial para la primera quincena de enero.\u00a0<\/strong><\/p>\n\n\n\n<p><\/p>\n\n\n\n<p><em>Fuente: DIB\u00a0<\/em><\/p>\n\n\n\n<p><\/p>\n","protected":false},"excerpt":{"rendered":"<p>El Presidente avis\u00f3 meses atr\u00e1s que seguir\u00e1n echando trabajadores para achicar el Estado. Los gremios en alerta piden la renovaci\u00f3n<\/p>\n","protected":false},"author":6,"featured_media":133348,"comment_status":"closed","ping_status":"closed","sticky":false,"template":"","format":"standard","meta":{"_jetpack_memberships_contains_paid_content":false,"footnotes":""},"categories":[6,1],"tags":[],"class_list":["post-133347","post","type-post","status-publish","format-standard","has-post-thumbnail","hentry","category-nacionales","category-portada"],"jetpack_featured_media_url":"https:\/\/i0.wp.com\/cdnoticias.com\/wp-content\/uploads\/2024\/12\/ATE-marcha-696x464-1.jpg?fit=696%2C464&ssl=1","jetpack_sharing_enabled":true,"_links":{"self":[{"href":"https:\/\/cdnoticias.com\/index.php\/wp-json\/wp\/v2\/posts\/133347","targetHints":{"allow":["GET"]}}],"collection":[{"href":"https:\/\/cdnoticias.com\/index.php\/wp-json\/wp\/v2\/posts"}],"about":[{"href":"https:\/\/cdnoticias.com\/index.php\/wp-json\/wp\/v2\/types\/post"}],"author":[{"embeddable":true,"href":"https:\/\/cdnoticias.com\/index.php\/wp-json\/wp\/v2\/users\/6"}],"replies":[{"embeddable":true,"href":"https:\/\/cdnoticias.com\/index.php\/wp-json\/wp\/v2\/comments?post=133347"}],"version-history":[{"count":0,"href":"https:\/\/cdnoticias.com\/index.php\/wp-json\/wp\/v2\/posts\/133347\/revisions"}],"wp:featuredmedia":[{"embeddable":true,"href":"https:\/\/cdnoticias.com\/index.php\/wp-json\/wp\/v2\/media\/133348"}],"wp:attachment":[{"href":"https:\/\/cdnoticias.com\/index.php\/wp-json\/wp\/v2\/media?parent=133347"}],"wp:term":[{"taxonomy":"category","embeddable":true,"href":"https:\/\/cdnoticias.com\/index.php\/wp-json\/wp\/v2\/categories?post=133347"},{"taxonomy":"post_tag","embeddable":true,"href":"https:\/\/cdnoticias.com\/index.php\/wp-json\/wp\/v2\/tags?post=133347"}],"curies":[{"name":"wp","href":"https:\/\/api.w.org\/{rel}","templated":true}]}}