{"id":13334,"date":"2021-02-09T08:41:37","date_gmt":"2021-02-09T11:41:37","guid":{"rendered":"http:\/\/www.centraldenoticias.com.ar\/?p=13334"},"modified":"2021-02-09T11:44:57","modified_gmt":"2021-02-09T14:44:57","slug":"un-nene-de-10-anos-resulto-herido-en-un-choque","status":"publish","type":"post","link":"https:\/\/cdnoticias.com\/index.php\/2021\/02\/09\/un-nene-de-10-anos-resulto-herido-en-un-choque\/","title":{"rendered":"Un nene de 10 a\u00f1os result\u00f3 herido en un choque"},"content":{"rendered":"<p>Debi\u00f3 ser ingresado de urgencia al sector de pediatr\u00eda del Hospital Municipal. Entre otras lesiones, habr\u00eda sufrido diversas fracturas.<!--more--><\/p>\n<hr \/>\n<p>Sobre el cierre de la tarde de este lunes otro violento siniestro vial tuvo como escenario el casco urbano local. En esta ocasi\u00f3n<strong> todo tuvo como escenario el cruce de Mitre y Celestino Mu\u00f1oz.<\/strong><\/p>\n<p>&nbsp;<\/p>\n<p>Seg\u00fan fue narrado a este portal, <strong>sucedi\u00f3 minutos antes de las 20, cuando en condiciones que son materia de estudio colisionaron un auto y una bicicleta<\/strong>, sufriendo las peores consecuencias del impacto un ni\u00f1o que viajaba en el rodado de menor porte.<\/p>\n<p>&nbsp;<\/p>\n<p>La v\u00edctima, un ni\u00f1o de 10 a\u00f1os, fue atendida de inmediato por personal m\u00e9dico, que <strong>lo deriv\u00f3 de urgencia al sector de Pediatr\u00eda del Hospital Municipal. Entre otras lesiones, trascendi\u00f3 que habr\u00eda sufrido diversas fracturas<\/strong>, aunque por estas horas se encuentra siendo sometido a controles y cuidados m\u00e9dicos para establecer su cuadro.<\/p>\n<p>&nbsp;<\/p>\n<p>En el lugar intervino adem\u00e1s personal del Comando de Patrullas, que asisti\u00f3 a la v\u00edctima e implicados. Vale recordar, por \u00faltimo, que <a href=\"https:\/\/cdnoticias.com\/index.php\/2021\/02\/08\/un-motociclista-herido-tras-un-choque-sobre-la-avenida-colon\/\" target=\"_blank\" rel=\"noopener\">horas m\u00e1s temprano otro siniestro vial dej\u00f3 como saldo un motociclista herido.<\/a><\/p>\n","protected":false},"excerpt":{"rendered":"<p>Debi\u00f3 ser ingresado de urgencia al sector de pediatr\u00eda del Hospital Municipal. Entre otras lesiones, habr\u00eda sufrido diversas fracturas.<\/p>\n","protected":false},"author":3,"featured_media":13338,"comment_status":"closed","ping_status":"closed","sticky":false,"template":"","format":"standard","meta":{"_jetpack_memberships_contains_paid_content":false,"footnotes":""},"categories":[14,1],"tags":[],"class_list":["post-13334","post","type-post","status-publish","format-standard","has-post-thumbnail","hentry","category-policiales","category-portada"],"jetpack_featured_media_url":"https:\/\/i0.wp.com\/cdnoticias.com\/wp-content\/uploads\/2021\/02\/hospital-de-noche3.jpg?fit=4608%2C3072&ssl=1","jetpack_sharing_enabled":true,"_links":{"self":[{"href":"https:\/\/cdnoticias.com\/index.php\/wp-json\/wp\/v2\/posts\/13334","targetHints":{"allow":["GET"]}}],"collection":[{"href":"https:\/\/cdnoticias.com\/index.php\/wp-json\/wp\/v2\/posts"}],"about":[{"href":"https:\/\/cdnoticias.com\/index.php\/wp-json\/wp\/v2\/types\/post"}],"author":[{"embeddable":true,"href":"https:\/\/cdnoticias.com\/index.php\/wp-json\/wp\/v2\/users\/3"}],"replies":[{"embeddable":true,"href":"https:\/\/cdnoticias.com\/index.php\/wp-json\/wp\/v2\/comments?post=13334"}],"version-history":[{"count":0,"href":"https:\/\/cdnoticias.com\/index.php\/wp-json\/wp\/v2\/posts\/13334\/revisions"}],"wp:featuredmedia":[{"embeddable":true,"href":"https:\/\/cdnoticias.com\/index.php\/wp-json\/wp\/v2\/media\/13338"}],"wp:attachment":[{"href":"https:\/\/cdnoticias.com\/index.php\/wp-json\/wp\/v2\/media?parent=13334"}],"wp:term":[{"taxonomy":"category","embeddable":true,"href":"https:\/\/cdnoticias.com\/index.php\/wp-json\/wp\/v2\/categories?post=13334"},{"taxonomy":"post_tag","embeddable":true,"href":"https:\/\/cdnoticias.com\/index.php\/wp-json\/wp\/v2\/tags?post=13334"}],"curies":[{"name":"wp","href":"https:\/\/api.w.org\/{rel}","templated":true}]}}