{"id":133331,"date":"2024-12-27T06:51:35","date_gmt":"2024-12-27T09:51:35","guid":{"rendered":"https:\/\/cdnoticias.com\/?p=133331"},"modified":"2024-12-27T11:19:59","modified_gmt":"2024-12-27T14:19:59","slug":"nueva-sede-de-drogas-ilicitas-el-personal-se-encuentra-capacitado-para-atender-todo-tipo-de-demanda","status":"publish","type":"post","link":"https:\/\/cdnoticias.com\/index.php\/2024\/12\/27\/nueva-sede-de-drogas-ilicitas-el-personal-se-encuentra-capacitado-para-atender-todo-tipo-de-demanda\/","title":{"rendered":"Nueva sede de Drogas Il\u00edcitas: \u201cEl personal se encuentra capacitado para atender todo tipo de demanda\u201d"},"content":{"rendered":"<p>Lo remarc\u00f3 el Delegado Departamental, Comisario Mayor Juan Marcelo Castro. Valor\u00f3 la \u201crespuesta r\u00e1pida y muy eficaz\u201d del Municipio para que la Subdelegaci\u00f3n Olavarr\u00eda cuente con una nueva sede.<!--more--><\/p>\n<hr \/>\n<p>Este jueves estuvo en Olavarr\u00eda el <strong>Delegado Departamental de Investigaciones del Tr\u00e1fico de Drogas Il\u00edcitas, Comisario Mayor Juan Marcelo Castro<\/strong>, quien <a href=\"https:\/\/cdnoticias.com\/index.php\/2024\/12\/26\/la-subdelegacion-de-investigaciones-del-trafico-de-drogas-ilicitas-ya-funciona-en-el-predio-de-bromatologia\/\" target=\"_blank\" rel=\"noopener\">particip\u00f3 de la <\/a><strong>inauguraci\u00f3n de la sede Olavarr\u00eda de esa dependencia policial<\/strong>. Hizo hincapi\u00e9 en la <strong>mejora de las condiciones laborales<\/strong> para el personal, en la <strong>celeridad de respuesta del Municipio<\/strong> y en la capacidad de <strong>dar respuesta a \u201ccualquier tipo de demanda que pueda surgir del vecindario\u201d<\/strong>.<\/p>\n<p>La Delegaci\u00f3n Azul abarca 11 partidos bonaerenses, entre los cuales se encuentra <strong>Olavarr\u00eda que desde octubre cuenta con una <a href=\"https:\/\/cdnoticias.com\/index.php\/2024\/10\/31\/crean-la-subdelegacion-de-drogas-ilicitas-de-olavarria\/\" target=\"_blank\" rel=\"noopener\">Subdelegaci\u00f3n<\/a><\/strong><a href=\"_wp_link_placeholder\"> a cargo del subcomisario Hugo Ricciuto<\/a> cuya jurisdicci\u00f3n suma a los distritos de Laprida, La Madrid y Bol\u00edvar.<\/p>\n<p>El comisario mayor hizo hincapi\u00e9 en que <strong>Olavarr\u00eda es uno de los principales distritos de la regi\u00f3n en materia de labor de investigaciones sobre tr\u00e1fico de drogas il\u00edcitas<\/strong> y, en ese sentido, enmarc\u00f3 la necesidad de contar con una dependencia adecuada para el desempe\u00f1o del personal que alcanza a un total de 19 efectivos.<\/p>\n<blockquote><p>\u201cHab\u00eda una demanda significativa desde hace mucho tiempo con respecto a tener una base operativa jerarquizada en la ciudad de Olavarr\u00eda porque se trata de una de las ciudades m\u00e1s importantes que tiene la jurisdicci\u00f3n\u201d expres\u00f3 Castro en el acto que comparti\u00f3 junto al intendente Maximiliano Wesner en el predio de Bromatolog\u00eda municipal.<\/p><\/blockquote>\n<p><img data-recalc-dims=\"1\" loading=\"lazy\" decoding=\"async\" class=\"size-full wp-image-133314 aligncenter\" src=\"https:\/\/i0.wp.com\/cdnoticias.com\/wp-content\/uploads\/2024\/12\/subdelegacion-de-drogas-ilicitas-bromatologia-inauguracion-03.jpg?resize=800%2C445&#038;ssl=1\" alt=\"\" width=\"800\" height=\"445\" srcset=\"https:\/\/i0.wp.com\/cdnoticias.com\/wp-content\/uploads\/2024\/12\/subdelegacion-de-drogas-ilicitas-bromatologia-inauguracion-03.jpg?w=1000&amp;ssl=1 1000w, https:\/\/i0.wp.com\/cdnoticias.com\/wp-content\/uploads\/2024\/12\/subdelegacion-de-drogas-ilicitas-bromatologia-inauguracion-03.jpg?resize=300%2C167&amp;ssl=1 300w, https:\/\/i0.wp.com\/cdnoticias.com\/wp-content\/uploads\/2024\/12\/subdelegacion-de-drogas-ilicitas-bromatologia-inauguracion-03.jpg?resize=768%2C427&amp;ssl=1 768w, https:\/\/i0.wp.com\/cdnoticias.com\/wp-content\/uploads\/2024\/12\/subdelegacion-de-drogas-ilicitas-bromatologia-inauguracion-03.jpg?resize=800%2C445&amp;ssl=1 800w\" sizes=\"auto, (max-width: 800px) 100vw, 800px\" \/><\/p>\n<p>\u201cCreo que esa demanda era necesaria. Tuvimos la suerte de que en el mes de octubre, hace muy poquito, el Ministerio de Seguridad jerarquiz\u00f3 la zona y le dio a Olavarr\u00eda y a Tandil dos Subdelegaciones que son realmente muy importantes y necesarias para combatir <strong>este delito tan presente en todos los aspectos de la sociedad como es el narcotr\u00e1fico y las drogas\u201d<\/strong> agreg\u00f3.<\/p>\n<p>Respecto de la sede Olavarr\u00eda, record\u00f3 que<strong> \u201cten\u00eda la base operativa en el CEMO y estaba carente de comodidades<\/strong> que hac\u00eda que el personal ten\u00eda que suplir con mucha voluntad muchos aspectos para poder trabajar\u201d. Tuvo en cuenta que <strong>hace tres a\u00f1os que se desempe\u00f1a al frente de la Delegaci\u00f3n Departamental Azul, lapso en el cual \u201cven\u00edamos lidiando con este tema\u201d<\/strong> dijo.<\/p>\n<p>Castro valor\u00f3 que<strong> \u201cnos hemos encontrado una respuesta r\u00e1pida y muy eficaz<\/strong> al reclamo de dignificar lo que era el trabajo del personal, el lugar donde poder trabajar y atender a la gente\u201d. M\u00e1s adelante, expres\u00f3 su intenci\u00f3n de<strong> \u201cfelicitar a la Municipalidad por la celeridad que le dio al asunto<\/strong>, a la voluntad que le pusieron porque consiguieron un edificio y lo levantaron en tiempo r\u00e9cord para que pueda ser usado, pueda dignificar al personal y trabajar en una situaci\u00f3n c\u00f3moda\u201d.<\/p>\n<blockquote><p>Asimismo, destac\u00f3 que si bien los efectivos se especializan en la investigaci\u00f3n sobre el delito de tr\u00e1fico de drogas, puede brindar atenci\u00f3n a urgencias que se presenten para los vecinos de la zona donde se emplaza el edificio. \u201cEl personal se encuentra capacitado para atender todo tipo de demanda. Si bien la delegaci\u00f3n de drogas se ocupa y es especifica en ese aspecto, tiene toda la capacitaci\u00f3n para atender cualquier tipo de demanda que pueda surgir y pueda venir del vecindario\u201d indic\u00f3 el comisario mayor.<\/p><\/blockquote>\n<p>En el cierre de su intervenci\u00f3n, <strong>Castro manifest\u00f3: \u201cle deseo al comisario Hugo Ricciuto toda la suerte, es el primer subdelegado que tiene Olavarr\u00eda<\/strong>, y est\u00e1 a cargo de una responsabilidad enorme que es la de atender un flagelo como el narcotr\u00e1fico en una de las ciudades m\u00e1s importantes del centro de la provincia\u201d.<\/p>\n","protected":false},"excerpt":{"rendered":"<p>Lo remarc\u00f3 el Delegado Departamental, Comisario Mayor Juan Marcelo Castro. Valor\u00f3 la \u201crespuesta r\u00e1pida y muy eficaz\u201d del Municipio para<\/p>\n","protected":false},"author":4,"featured_media":133315,"comment_status":"closed","ping_status":"closed","sticky":false,"template":"","format":"standard","meta":{"_jetpack_memberships_contains_paid_content":false,"footnotes":""},"categories":[14,1],"tags":[],"class_list":["post-133331","post","type-post","status-publish","format-standard","has-post-thumbnail","hentry","category-policiales","category-portada"],"jetpack_featured_media_url":"https:\/\/i0.wp.com\/cdnoticias.com\/wp-content\/uploads\/2024\/12\/subdelegacion-de-drogas-ilicitas-bromatologia-inauguracion-04-comisario-mayor-juan-marcelo-castro.jpg?fit=1000%2C556&ssl=1","jetpack_sharing_enabled":true,"_links":{"self":[{"href":"https:\/\/cdnoticias.com\/index.php\/wp-json\/wp\/v2\/posts\/133331","targetHints":{"allow":["GET"]}}],"collection":[{"href":"https:\/\/cdnoticias.com\/index.php\/wp-json\/wp\/v2\/posts"}],"about":[{"href":"https:\/\/cdnoticias.com\/index.php\/wp-json\/wp\/v2\/types\/post"}],"author":[{"embeddable":true,"href":"https:\/\/cdnoticias.com\/index.php\/wp-json\/wp\/v2\/users\/4"}],"replies":[{"embeddable":true,"href":"https:\/\/cdnoticias.com\/index.php\/wp-json\/wp\/v2\/comments?post=133331"}],"version-history":[{"count":0,"href":"https:\/\/cdnoticias.com\/index.php\/wp-json\/wp\/v2\/posts\/133331\/revisions"}],"wp:featuredmedia":[{"embeddable":true,"href":"https:\/\/cdnoticias.com\/index.php\/wp-json\/wp\/v2\/media\/133315"}],"wp:attachment":[{"href":"https:\/\/cdnoticias.com\/index.php\/wp-json\/wp\/v2\/media?parent=133331"}],"wp:term":[{"taxonomy":"category","embeddable":true,"href":"https:\/\/cdnoticias.com\/index.php\/wp-json\/wp\/v2\/categories?post=133331"},{"taxonomy":"post_tag","embeddable":true,"href":"https:\/\/cdnoticias.com\/index.php\/wp-json\/wp\/v2\/tags?post=133331"}],"curies":[{"name":"wp","href":"https:\/\/api.w.org\/{rel}","templated":true}]}}