{"id":133301,"date":"2024-12-27T13:48:21","date_gmt":"2024-12-27T16:48:21","guid":{"rendered":"https:\/\/cdnoticias.com\/?p=133301"},"modified":"2024-12-27T13:48:23","modified_gmt":"2024-12-27T16:48:23","slug":"fanazul-el-director-de-fabricaciones-militares-visitara-en-enero-la-planta","status":"publish","type":"post","link":"https:\/\/cdnoticias.com\/index.php\/2024\/12\/27\/fanazul-el-director-de-fabricaciones-militares-visitara-en-enero-la-planta\/","title":{"rendered":"Fanazul: el director de Fabricaciones Militares visitar\u00e1 en enero la planta"},"content":{"rendered":"<p>Lo confirm\u00f3 en una reuni\u00f3n con representantes de los trabajadores. \u201cUno como empleado estatal lo que quiere es ver las m\u00e1quinas trabajando. Uno quiere ver las m\u00e1quinas arrancando nuevamente&#8221;, explicaron los dirigentes gremiales.<!--more--><\/p>\n<hr \/>\n<p style=\"text-align: left;\">El <strong>director de Fabricaciones Militares, Juan Manuel Vaquer, visitar\u00e1 la planta de Fanazul en enero<\/strong>, seg\u00fan les adelant\u00f3 a representantes gremiales azule\u00f1os con los que comparti\u00f3 una reuni\u00f3n la semana pasada en la sede central de la empresa. As\u00ed lo indicaron <strong>Eduardo Bercovich, secretario general de la seccional Azul de la Asociaci\u00f3n Trabajadores del Estado (ATE), y Sebasti\u00e1n Madd\u00edo, delegado gremial de Fanazul<\/strong>. La planta, <a href=\"https:\/\/cdnoticias.com\/index.php\/2023\/06\/09\/fanazul-esta-de-pie-como-se-esta-poniendo-de-pie-la-argentina\/\" target=\"_blank\" rel=\"noopener\">reactivada en 2023<\/a>, est\u00e1 <a href=\"https:\/\/cdnoticias.com\/index.php\/2024\/05\/15\/se-ordeno-detener-la-produccion-en-fanazul\/\" target=\"_blank\" rel=\"noopener\">paralizada desde mayo pasado<\/a>.<\/p>\n<p><a href=\"https:\/\/cdnoticias.com\/index.php\/2024\/12\/20\/exigen-la-urgente-reactivacion-de-la-fabrica-fanazul\/\" target=\"_blank\" rel=\"noopener\">El viernes al mediod\u00eda \u201chicimos la asamblea<\/a>, en la guardia de la f\u00e1brica, y ah\u00ed les comunicamos a los trabajadores la reuni\u00f3n que mantuvimos el mi\u00e9rcoles pasado con la nueva Direcci\u00f3n de Fabricaciones Militares. Estaba el director Vaquer y sus asesores\u201d, cont\u00f3 Bercovich, en di\u00e1logo con el diario El Tiempo de Azul. <strong>\u201cLa reuni\u00f3n esta vez fue con nuestra f\u00e1brica, exclusivamente, a diferencia de otros encuentros en los que participaron representantes de todas las f\u00e1bricas militares\u201d<\/strong>, explic\u00f3 el referente de ATE. \u201cNosotros les planteamos a los directivos de Fabricaciones Militares todas las cosas que tenemos a favor. <strong>Les dimos en mano una nota<\/strong> que hicimos desde nuestra seccional. Hicimos una introducci\u00f3n y referimos todo lo que se estaba haciendo y todo lo que se puede hacer en nuestra f\u00e1brica\u201d.<\/p>\n<blockquote><p>\u201cHicimos mucho hincapi\u00e9 en la l\u00ednea de destrucci\u00f3n de chalecos antibalas\u201d, destac\u00f3 Bercovich. \u201cHay una planta que ya est\u00e1 lista. Faltar\u00eda solamente una maquinaria para completar el proceso de destrucci\u00f3n de esos materiales. Y, sin duda, lo primordial para nosotros es volver a producir explosivo, espec\u00edficamente el mastermix, que es algo que podemos empezar a hacer ya\u201d, ya que la planta estuvo activa hasta mayo.<\/p><\/blockquote>\n<p>En ese sentido, siempre en di\u00e1logo con el diario El Tiempo, <strong>Madd\u00edo explic\u00f3: \u201cDesde mayo estamos con una parada t\u00e9cnica\u201d<\/strong>. En la reuni\u00f3n realizada el mi\u00e9rcoles en Fabricaciones Militares, <strong>\u201cpedimos que se ponga a trabajar esa planta para hacer el producto<\/strong> y nosotros recomenzar la labor, porque eso ser\u00eda inmediato, de producci\u00f3n inmediata, y m\u00e1s que se trata de<strong> un producto para exportaci\u00f3n\u201d<\/strong>. Sobre este punto, el delegado de la f\u00e1brica asegur\u00f3 que \u201ces una decisi\u00f3n pol\u00edtica, en definitiva. Y un lineamiento como empresa. Lo que siguen ellos (en el Directorio de Fabricaciones Militares) es el <strong>mandato presidencial que dice que las empresas del Estado se tienen que vender o privatizar\u201d<\/strong>.<\/p>\n<p>De acuerdo con Madd\u00edo,<strong> \u201cest\u00e1n esperando la famosa \u2018inversi\u00f3n externa\u2019<\/strong>. Cuando hablan de privatizaciones, tambi\u00e9n hablan de que vengan inversiones privadas, lo que denominan \u2018una inyecci\u00f3n de capital\u2019. Tanto ellos como nosotros estamos esperando esas inversiones para poder seguir trabajando. Porque, la realidad, es que <em>ya se fue un Directorio (de Fabricaciones Militares), cambiaron un segundo Directorio hace poco, pero seguimos sin resultados<\/em>. Y eso, para nosotros, como trabajadores, es preocupante, porque seguimos parados y sin perspectiva de que haya voluntad pol\u00edtica de arrancar alg\u00fan tipo de producci\u00f3n. Realmente eso es lo m\u00e1s preocupante. Nosotros vamos a defender siempre lo que es la producci\u00f3n de la f\u00e1brica\u201d.<\/p>\n<p>Seg\u00fan los trabajadores<strong>, \u201ces preocupante, m\u00e1s que nada, el destrato hacia la gente\u201d.<\/strong> \u201cNo es f\u00e1cil para un operario de f\u00e1brica estar parado, sin producir, m\u00e1s all\u00e1 de que estemos haciendo todos los mantenimientos, desde los edilicios hasta los cortes de pasto. Pero <strong>uno, como empleado estatal, pero de una f\u00e1brica productiva, lo que quiere es ver las m\u00e1quinas trabajando<\/strong>. Uno quiere, a esta altura, ver las m\u00e1quinas arrancando nuevamente\u201d.<\/p>\n<blockquote><p>Mientras tanto, \u201cse est\u00e1 yendo mucha gente importante para lo que es la producci\u00f3n de la f\u00e1brica\u201d. Tras el cierre de 2017 y el parate actual, \u201cno pudimos generar un total traspaso de conocimiento\u201d, describe Madd\u00edo. \u201cEs una l\u00e1stima que la gente se vaya por retiros voluntarios y que opte por otras cosas. Es muy triste hasta para el mismo Estado, que capacit\u00f3 a ese personal durante a\u00f1os, en un producto como explosivos. La manipulaci\u00f3n de explosivos no es cualquiera el que la hace. Es decir, el Estado invirti\u00f3 en esa gente, capacit\u00e1ndola, y ahora dejarla que se vaya as\u00ed, es bastante tr\u00e1gico\u201d.<\/p><\/blockquote>\n<p>No obstante, <strong>el encuentro de la semana pasada dej\u00f3 alguna buena sensaci\u00f3n. \u201cVimos que este Directorio tiene un ox\u00edgeno nuevo:<\/strong> Vaquer se comprometi\u00f3 a venir a Azul, a recorrer todas las unidades productivas de Fanazul, y eso ser\u00e1 distinto a todos los planteos que le hicimos, sin conocer el lugar\u201d, describi\u00f3 Bercovich, y puso en contexto: \u201cLo m\u00e1s importante para nosotros es que esta es una \u00e9poca muy sensible: llega el fin de a\u00f1o, vienen las licencias por vacaciones y lo que quer\u00edamos nosotros es saber c\u00f3mo continuaba esto, porque est\u00e1n todos los trabajadores de Fanazul esperando que la producci\u00f3n arranque. Es solo apretar un bot\u00f3n, es una decisi\u00f3n pol\u00edtica. Y en el mientras tanto, obviamente, <strong>si nos siguen desplumando y sacando personal con los retiros voluntarios, sin duda va a ser mucho m\u00e1s complejo<\/strong>, porque si tenemos que empezar a producir, van a tener que volver a llamarlos o tomar otro personal. O trasladar de otras f\u00e1bricas a distintos t\u00e9cnicos o ingenieros, porque realmente <strong>hay que tener el plantel adecuado para esta producci\u00f3n, ya que se trata de explosivos\u201d<\/strong>.<\/p>\n<p>A prop\u00f3sito, del personal que hab\u00eda al momento de la reapertura en 2023, 130 trabajadores, unos 50 se fueron con retiros voluntarios. \u201cHubo pocas jubilaciones anticipadas, la mayor\u00eda fueron jubilaciones ordinarias. Al tratarse de empleo insalubre, en Fanazul -como en todas las f\u00e1bricas militares- se jubilan a los 55 a\u00f1os\u201d, describi\u00f3 Bercovich.<\/p>\n<p>Fuente: Agencia DIB<\/p>\n","protected":false},"excerpt":{"rendered":"<p>Lo confirm\u00f3 en una reuni\u00f3n con representantes de los trabajadores. \u201cUno como empleado estatal lo que quiere es ver las<\/p>\n","protected":false},"author":4,"featured_media":124071,"comment_status":"closed","ping_status":"closed","sticky":false,"template":"","format":"standard","meta":{"_jetpack_memberships_contains_paid_content":false,"footnotes":""},"categories":[6,1],"tags":[],"class_list":["post-133301","post","type-post","status-publish","format-standard","has-post-thumbnail","hentry","category-nacionales","category-portada"],"jetpack_featured_media_url":"https:\/\/i0.wp.com\/cdnoticias.com\/wp-content\/uploads\/2024\/08\/Fanazul-00.jpg?fit=696%2C376&ssl=1","jetpack_sharing_enabled":true,"_links":{"self":[{"href":"https:\/\/cdnoticias.com\/index.php\/wp-json\/wp\/v2\/posts\/133301","targetHints":{"allow":["GET"]}}],"collection":[{"href":"https:\/\/cdnoticias.com\/index.php\/wp-json\/wp\/v2\/posts"}],"about":[{"href":"https:\/\/cdnoticias.com\/index.php\/wp-json\/wp\/v2\/types\/post"}],"author":[{"embeddable":true,"href":"https:\/\/cdnoticias.com\/index.php\/wp-json\/wp\/v2\/users\/4"}],"replies":[{"embeddable":true,"href":"https:\/\/cdnoticias.com\/index.php\/wp-json\/wp\/v2\/comments?post=133301"}],"version-history":[{"count":0,"href":"https:\/\/cdnoticias.com\/index.php\/wp-json\/wp\/v2\/posts\/133301\/revisions"}],"wp:featuredmedia":[{"embeddable":true,"href":"https:\/\/cdnoticias.com\/index.php\/wp-json\/wp\/v2\/media\/124071"}],"wp:attachment":[{"href":"https:\/\/cdnoticias.com\/index.php\/wp-json\/wp\/v2\/media?parent=133301"}],"wp:term":[{"taxonomy":"category","embeddable":true,"href":"https:\/\/cdnoticias.com\/index.php\/wp-json\/wp\/v2\/categories?post=133301"},{"taxonomy":"post_tag","embeddable":true,"href":"https:\/\/cdnoticias.com\/index.php\/wp-json\/wp\/v2\/tags?post=133301"}],"curies":[{"name":"wp","href":"https:\/\/api.w.org\/{rel}","templated":true}]}}